{"id":1236,"date":"2022-12-28T20:10:04","date_gmt":"2022-12-28T23:10:04","guid":{"rendered":"https:\/\/fiestanacionaldelchamame.com.ar\/?p=1236"},"modified":"2022-12-28T20:10:08","modified_gmt":"2022-12-28T23:10:08","slug":"atardecer-en-chamame-una-nueva-bailanta-a-metros-del-rio-parana","status":"publish","type":"post","link":"https:\/\/fiestanacionaldelchamame.com.ar\/?p=1236","title":{"rendered":"\u201cAtardecer en chamam\u00e9\u201d, una nueva bailanta a metros del r\u00edo Paran\u00e1"},"content":{"rendered":"\n<h2 class=\"wp-block-heading\">CHAMAME PARA UN MUNDO NUEVO<\/h2>\n\n\n\n<p>El Gobierno de la Provincia, a trav\u00e9s del Instituto de Cultura de Corrientes, invita a la comunidad a formar parte de \u201cKa\u2019aru Chamam\u00e9\u201d (Atardecer en chamam\u00e9), un nuevo espacio que se suma a las m\u00faltiples propuestas de la 32\u00aa Fiesta Nacional del Chamam\u00e9. Una bailanta chamamecera a la vera del r\u00edo, con acceso libre y gratuito.<\/p>\n\n\n\n<p>Esta iniciativa se desarrollar\u00e1 los d\u00edas 4, 11 y 18 de enero, a partir de las 20, en el Boca Unido Center en la Costanera Sur, con conjuntos chamameceros que invitar\u00e1n a bailar a los presentes, con un paisaje majestuoso como tel\u00f3n de fondo.<\/p>\n\n\n\n<figure class=\"wp-block-gallery has-nested-images columns-default is-cropped wp-block-gallery-1 is-layout-flex wp-block-gallery-is-layout-flex\">\n<figure class=\"wp-block-image size-large\"><img fetchpriority=\"high\" decoding=\"async\" width=\"600\" height=\"600\" data-id=\"1245\" src=\"https:\/\/fiestanacionaldelchamame.com.ar\/wp-content\/uploads\/2022\/12\/Atardecer-en-chamame-7.jpeg\" alt=\"\" class=\"wp-image-1245\" srcset=\"https:\/\/fiestanacionaldelchamame.com.ar\/wp-content\/uploads\/2022\/12\/Atardecer-en-chamame-7.jpeg 600w, https:\/\/fiestanacionaldelchamame.com.ar\/wp-content\/uploads\/2022\/12\/Atardecer-en-chamame-7-300x300.jpeg 300w, https:\/\/fiestanacionaldelchamame.com.ar\/wp-content\/uploads\/2022\/12\/Atardecer-en-chamame-7-150x150.jpeg 150w\" sizes=\"(max-width: 600px) 100vw, 600px\" \/><\/figure>\n\n\n\n<figure class=\"wp-block-image size-large\"><img decoding=\"async\" width=\"600\" height=\"600\" data-id=\"1244\" src=\"https:\/\/fiestanacionaldelchamame.com.ar\/wp-content\/uploads\/2022\/12\/Atardecer-en-chamame-3.jpeg\" alt=\"\" class=\"wp-image-1244\" srcset=\"https:\/\/fiestanacionaldelchamame.com.ar\/wp-content\/uploads\/2022\/12\/Atardecer-en-chamame-3.jpeg 600w, https:\/\/fiestanacionaldelchamame.com.ar\/wp-content\/uploads\/2022\/12\/Atardecer-en-chamame-3-300x300.jpeg 300w, https:\/\/fiestanacionaldelchamame.com.ar\/wp-content\/uploads\/2022\/12\/Atardecer-en-chamame-3-150x150.jpeg 150w\" sizes=\"(max-width: 600px) 100vw, 600px\" \/><\/figure>\n\n\n\n<figure class=\"wp-block-image size-large\"><img decoding=\"async\" width=\"600\" height=\"600\" data-id=\"1243\" src=\"https:\/\/fiestanacionaldelchamame.com.ar\/wp-content\/uploads\/2022\/12\/Atardecer-en-chamame-2.jpeg\" alt=\"\" class=\"wp-image-1243\" srcset=\"https:\/\/fiestanacionaldelchamame.com.ar\/wp-content\/uploads\/2022\/12\/Atardecer-en-chamame-2.jpeg 600w, https:\/\/fiestanacionaldelchamame.com.ar\/wp-content\/uploads\/2022\/12\/Atardecer-en-chamame-2-300x300.jpeg 300w, https:\/\/fiestanacionaldelchamame.com.ar\/wp-content\/uploads\/2022\/12\/Atardecer-en-chamame-2-150x150.jpeg 150w\" sizes=\"(max-width: 600px) 100vw, 600px\" \/><\/figure>\n\n\n\n<figure class=\"wp-block-image size-large\"><img loading=\"lazy\" decoding=\"async\" width=\"600\" height=\"600\" data-id=\"1238\" src=\"https:\/\/fiestanacionaldelchamame.com.ar\/wp-content\/uploads\/2022\/12\/Atardecer-en-chamame-4.jpeg\" alt=\"\" class=\"wp-image-1238\" srcset=\"https:\/\/fiestanacionaldelchamame.com.ar\/wp-content\/uploads\/2022\/12\/Atardecer-en-chamame-4.jpeg 600w, https:\/\/fiestanacionaldelchamame.com.ar\/wp-content\/uploads\/2022\/12\/Atardecer-en-chamame-4-300x300.jpeg 300w, https:\/\/fiestanacionaldelchamame.com.ar\/wp-content\/uploads\/2022\/12\/Atardecer-en-chamame-4-150x150.jpeg 150w\" sizes=\"(max-width: 600px) 100vw, 600px\" \/><\/figure>\n\n\n\n<figure class=\"wp-block-image size-large\"><img loading=\"lazy\" decoding=\"async\" width=\"600\" height=\"400\" data-id=\"1237\" src=\"https:\/\/fiestanacionaldelchamame.com.ar\/wp-content\/uploads\/2022\/12\/Atardecer-en-chamame-6.jpeg\" alt=\"\" class=\"wp-image-1237\" srcset=\"https:\/\/fiestanacionaldelchamame.com.ar\/wp-content\/uploads\/2022\/12\/Atardecer-en-chamame-6.jpeg 600w, https:\/\/fiestanacionaldelchamame.com.ar\/wp-content\/uploads\/2022\/12\/Atardecer-en-chamame-6-300x200.jpeg 300w\" sizes=\"(max-width: 600px) 100vw, 600px\" \/><\/figure>\n<\/figure>\n\n\n\n<p>\u201cLa Fiesta Nacional del Chamam\u00e9 suma propuestas para el disfrute de los correntinos y turistas durante todo enero, una de las nuevas alternativas ser\u00e1 una bailanta al atardecer a pocos metros del r\u00edo Paran\u00e1\u201d, se\u00f1al\u00f3 el presidente del Instituto de Cultura de Corrientes, Arq. Gabriel Romero.<\/p>\n\n\n\n<p>Estas bailantas chamameceras se llevar\u00e1n adelante los primeros tres mi\u00e9rcoles de enero en una ubicaci\u00f3n privilegiada de la Costanera Sur, donde confluyen m\u00fasica y danza de la mano de cuatro grupos por jornada. El acceso ser\u00e1 gratuito y se prestar\u00e1 servicio de cantina.<\/p>\n\n\n\n<p>El funcionario provincial destac\u00f3 que otra de las novedades para esta nueva edici\u00f3n de la Fiesta, ser\u00e1n las pe\u00f1as chamameceras en distintos puntos de la ciudad y de la provincia, entre ellas en el predio \u201cLa Unidad (ex Unidad Penal N\u00ba1), las que est\u00e1n organizando los Hijos de los Barrios y Tono Ben\u00edtez, y las que tendr\u00e1n lugar en distintos bares capitalinos. &nbsp;<\/p>\n\n\n\n<p>Todos espacios que forman parte de la Fiesta Grande, al igual que los ya tradicionales, como: el Chamam\u00e9 con todos que llegar\u00e1 desde la semana que viene a hospitales, acilos y contextos de encierro; las retretas chamameceras; las serenatas; el desfile de fuelles; la procesi\u00f3n n\u00e1utica; y distintas actividades que invitar\u00e1n al debate e intercambio entre los protagonistas de la Naci\u00f3n Chamamecera.<\/p>\n\n\n\n<h2 class=\"has-text-align-center wp-block-heading\"><strong>PROGRAMACI\u00d3N<\/strong><\/h2>\n\n\n\n<h2 class=\"wp-block-heading\">MI\u00c9RCOLES 4 DE ENERO<\/h2>\n\n\n\n<figure class=\"wp-block-image size-large\"><img loading=\"lazy\" decoding=\"async\" width=\"819\" height=\"1024\" src=\"https:\/\/fiestanacionaldelchamame.com.ar\/wp-content\/uploads\/2022\/12\/01-1-819x1024.jpeg\" alt=\"\" class=\"wp-image-1241\" srcset=\"https:\/\/fiestanacionaldelchamame.com.ar\/wp-content\/uploads\/2022\/12\/01-1-819x1024.jpeg 819w, https:\/\/fiestanacionaldelchamame.com.ar\/wp-content\/uploads\/2022\/12\/01-1-240x300.jpeg 240w, https:\/\/fiestanacionaldelchamame.com.ar\/wp-content\/uploads\/2022\/12\/01-1-768x960.jpeg 768w, https:\/\/fiestanacionaldelchamame.com.ar\/wp-content\/uploads\/2022\/12\/01-1-300x375.jpeg 300w, https:\/\/fiestanacionaldelchamame.com.ar\/wp-content\/uploads\/2022\/12\/01-1-850x1063.jpeg 850w, https:\/\/fiestanacionaldelchamame.com.ar\/wp-content\/uploads\/2022\/12\/01-1.jpeg 1024w\" sizes=\"(max-width: 819px) 100vw, 819px\" \/><\/figure>\n\n\n\n<p>\u00b7\u00a0<\/p>\n\n\n\n<h2 class=\"wp-block-heading\">MI\u00c9RCOLES 11 de Enero<\/h2>\n\n\n\n<figure class=\"wp-block-image size-large\"><img loading=\"lazy\" decoding=\"async\" width=\"819\" height=\"1024\" src=\"https:\/\/fiestanacionaldelchamame.com.ar\/wp-content\/uploads\/2022\/12\/02-819x1024.jpeg\" alt=\"\" class=\"wp-image-1240\" srcset=\"https:\/\/fiestanacionaldelchamame.com.ar\/wp-content\/uploads\/2022\/12\/02-819x1024.jpeg 819w, https:\/\/fiestanacionaldelchamame.com.ar\/wp-content\/uploads\/2022\/12\/02-240x300.jpeg 240w, https:\/\/fiestanacionaldelchamame.com.ar\/wp-content\/uploads\/2022\/12\/02-768x960.jpeg 768w, https:\/\/fiestanacionaldelchamame.com.ar\/wp-content\/uploads\/2022\/12\/02-300x375.jpeg 300w, https:\/\/fiestanacionaldelchamame.com.ar\/wp-content\/uploads\/2022\/12\/02-850x1063.jpeg 850w, https:\/\/fiestanacionaldelchamame.com.ar\/wp-content\/uploads\/2022\/12\/02.jpeg 1024w\" sizes=\"(max-width: 819px) 100vw, 819px\" \/><\/figure>\n\n\n\n<p>\u00a0\u00a0\u00a0\u00a0\u00a0<\/p>\n\n\n\n<h2 class=\"wp-block-heading\">MI\u00c9RCOLES 18 de enero<\/h2>\n\n\n\n<figure class=\"wp-block-image size-large\"><img loading=\"lazy\" decoding=\"async\" width=\"819\" height=\"1024\" src=\"https:\/\/fiestanacionaldelchamame.com.ar\/wp-content\/uploads\/2022\/12\/03-1-819x1024.jpeg\" alt=\"\" class=\"wp-image-1242\" srcset=\"https:\/\/fiestanacionaldelchamame.com.ar\/wp-content\/uploads\/2022\/12\/03-1-819x1024.jpeg 819w, https:\/\/fiestanacionaldelchamame.com.ar\/wp-content\/uploads\/2022\/12\/03-1-240x300.jpeg 240w, https:\/\/fiestanacionaldelchamame.com.ar\/wp-content\/uploads\/2022\/12\/03-1-768x960.jpeg 768w, https:\/\/fiestanacionaldelchamame.com.ar\/wp-content\/uploads\/2022\/12\/03-1-300x375.jpeg 300w, https:\/\/fiestanacionaldelchamame.com.ar\/wp-content\/uploads\/2022\/12\/03-1-850x1063.jpeg 850w, https:\/\/fiestanacionaldelchamame.com.ar\/wp-content\/uploads\/2022\/12\/03-1.jpeg 1024w\" sizes=\"(max-width: 819px) 100vw, 819px\" \/><\/figure>\n","protected":false},"excerpt":{"rendered":"<p>CHAMAME PARA UN MUNDO NUEVO El Gobierno de la Provincia, a trav\u00e9s del Instituto de Cultura de Corrientes, invita a la comunidad a formar parte de \u201cKa\u2019aru Chamam\u00e9\u201d (Atardecer en chamam\u00e9), un nuevo espacio que se suma a las m\u00faltiples propuestas de la 32\u00aa Fiesta Nacional del Chamam\u00e9. Una bailanta chamamecera a la vera del&#8230;<\/p>\n","protected":false},"author":1,"featured_media":1239,"comment_status":"open","ping_status":"closed","sticky":false,"template":"","format":"standard","meta":{"footnotes":""},"categories":[1],"tags":[],"class_list":["post-1236","post","type-post","status-publish","format-standard","has-post-thumbnail","hentry","category-noticias"],"_links":{"self":[{"href":"https:\/\/fiestanacionaldelchamame.com.ar\/index.php?rest_route=\/wp\/v2\/posts\/1236","targetHints":{"allow":["GET"]}}],"collection":[{"href":"https:\/\/fiestanacionaldelchamame.com.ar\/index.php?rest_route=\/wp\/v2\/posts"}],"about":[{"href":"https:\/\/fiestanacionaldelchamame.com.ar\/index.php?rest_route=\/wp\/v2\/types\/post"}],"author":[{"embeddable":true,"href":"https:\/\/fiestanacionaldelchamame.com.ar\/index.php?rest_route=\/wp\/v2\/users\/1"}],"replies":[{"embeddable":true,"href":"https:\/\/fiestanacionaldelchamame.com.ar\/index.php?rest_route=%2Fwp%2Fv2%2Fcomments&post=1236"}],"version-history":[{"count":1,"href":"https:\/\/fiestanacionaldelchamame.com.ar\/index.php?rest_route=\/wp\/v2\/posts\/1236\/revisions"}],"predecessor-version":[{"id":1246,"href":"https:\/\/fiestanacionaldelchamame.com.ar\/index.php?rest_route=\/wp\/v2\/posts\/1236\/revisions\/1246"}],"wp:featuredmedia":[{"embeddable":true,"href":"https:\/\/fiestanacionaldelchamame.com.ar\/index.php?rest_route=\/wp\/v2\/media\/1239"}],"wp:attachment":[{"href":"https:\/\/fiestanacionaldelchamame.com.ar\/index.php?rest_route=%2Fwp%2Fv2%2Fmedia&parent=1236"}],"wp:term":[{"taxonomy":"category","embeddable":true,"href":"https:\/\/fiestanacionaldelchamame.com.ar\/index.php?rest_route=%2Fwp%2Fv2%2Fcategories&post=1236"},{"taxonomy":"post_tag","embeddable":true,"href":"https:\/\/fiestanacionaldelchamame.com.ar\/index.php?rest_route=%2Fwp%2Fv2%2Ftags&post=1236"}],"curies":[{"name":"wp","href":"https:\/\/api.w.org\/{rel}","templated":true}]}}