{"id":1225,"date":"2022-12-27T19:25:13","date_gmt":"2022-12-27T22:25:13","guid":{"rendered":"https:\/\/fiestanacionaldelchamame.com.ar\/?p=1225"},"modified":"2022-12-27T19:27:15","modified_gmt":"2022-12-27T22:27:15","slug":"chamame-con-una-coreografia-multitudinaria-se-representan-tres-figuras-del-litoral","status":"publish","type":"post","link":"https:\/\/fiestanacionaldelchamame.com.ar\/?p=1225","title":{"rendered":"Chamam\u00e9: con una coreograf\u00eda multitudinaria se representan tres figuras del Litoral"},"content":{"rendered":"\n<h2 class=\"wp-block-heading\">CHAMAME PARA UN MUNDO NUEVO<\/h2>\n\n\n\n<p>M\u00e1s de 300 correntinos participaron de un cuadro coreogr\u00e1fico a gran escala que se estrenar\u00e1 durante la 32\u00aa Fiesta Nacional del Chamam\u00e9, del 13 al 22 de enero, en el anfiteatro Mario del Tr\u00e1nsito Cocomarola.<\/p>\n\n\n\n<p>Esta propuesta liderada por el core\u00f3grafo Matias Pedemonte fue filmada a principios de diciembre en tres puntos de la Costanera, y formaron parte personas que no son profesionales de la danza y que con la gu\u00eda del bailar\u00edn formaron figuras vinculadas a la naturaleza, la m\u00fasica y la fuerza de la fe. \u00a0<\/p>\n\n\n\n<figure class=\"wp-block-gallery has-nested-images columns-default is-cropped wp-block-gallery-1 is-layout-flex wp-block-gallery-is-layout-flex\">\n<figure class=\"wp-block-image size-large\"><img fetchpriority=\"high\" decoding=\"async\" width=\"790\" height=\"527\" data-id=\"1231\" src=\"https:\/\/fiestanacionaldelchamame.com.ar\/wp-content\/uploads\/2022\/12\/06-1.jpg\" alt=\"\" class=\"wp-image-1231\" srcset=\"https:\/\/fiestanacionaldelchamame.com.ar\/wp-content\/uploads\/2022\/12\/06-1.jpg 790w, https:\/\/fiestanacionaldelchamame.com.ar\/wp-content\/uploads\/2022\/12\/06-1-300x200.jpg 300w, https:\/\/fiestanacionaldelchamame.com.ar\/wp-content\/uploads\/2022\/12\/06-1-768x512.jpg 768w\" sizes=\"(max-width: 790px) 100vw, 790px\" \/><\/figure>\n\n\n\n<figure class=\"wp-block-image size-large\"><img decoding=\"async\" width=\"790\" height=\"527\" data-id=\"1230\" src=\"https:\/\/fiestanacionaldelchamame.com.ar\/wp-content\/uploads\/2022\/12\/01-1-1.jpg\" alt=\"\" class=\"wp-image-1230\" srcset=\"https:\/\/fiestanacionaldelchamame.com.ar\/wp-content\/uploads\/2022\/12\/01-1-1.jpg 790w, https:\/\/fiestanacionaldelchamame.com.ar\/wp-content\/uploads\/2022\/12\/01-1-1-300x200.jpg 300w, https:\/\/fiestanacionaldelchamame.com.ar\/wp-content\/uploads\/2022\/12\/01-1-1-768x512.jpg 768w\" sizes=\"(max-width: 790px) 100vw, 790px\" \/><\/figure>\n\n\n\n<figure class=\"wp-block-image size-large\"><img decoding=\"async\" width=\"790\" height=\"527\" data-id=\"1229\" src=\"https:\/\/fiestanacionaldelchamame.com.ar\/wp-content\/uploads\/2022\/12\/02-1-1.jpg\" alt=\"\" class=\"wp-image-1229\" srcset=\"https:\/\/fiestanacionaldelchamame.com.ar\/wp-content\/uploads\/2022\/12\/02-1-1.jpg 790w, https:\/\/fiestanacionaldelchamame.com.ar\/wp-content\/uploads\/2022\/12\/02-1-1-300x200.jpg 300w, https:\/\/fiestanacionaldelchamame.com.ar\/wp-content\/uploads\/2022\/12\/02-1-1-768x512.jpg 768w\" sizes=\"(max-width: 790px) 100vw, 790px\" \/><\/figure>\n\n\n\n<figure class=\"wp-block-image size-large\"><img loading=\"lazy\" decoding=\"async\" width=\"790\" height=\"527\" data-id=\"1228\" src=\"https:\/\/fiestanacionaldelchamame.com.ar\/wp-content\/uploads\/2022\/12\/05-1.jpg\" alt=\"\" class=\"wp-image-1228\" srcset=\"https:\/\/fiestanacionaldelchamame.com.ar\/wp-content\/uploads\/2022\/12\/05-1.jpg 790w, https:\/\/fiestanacionaldelchamame.com.ar\/wp-content\/uploads\/2022\/12\/05-1-300x200.jpg 300w, https:\/\/fiestanacionaldelchamame.com.ar\/wp-content\/uploads\/2022\/12\/05-1-768x512.jpg 768w\" sizes=\"(max-width: 790px) 100vw, 790px\" \/><\/figure>\n<\/figure>\n\n\n\n<p>El Gobierno de la Provincia de Corrientes, a trav\u00e9s del Instituto de Cultura, avanza con los detalles organizativos para la 32\u00aa Fiesta Nacional del Chamam\u00e9, 18\u00aa Fiesta del Chamam\u00e9 del MERCOSUR y 2\u00aa Celebraci\u00f3n Mundial, que se vivir\u00e1 a pleno en el Cocomarola y en distintos rincones de la provincia y del pa\u00eds.<\/p>\n\n\n\n<p>Entre las m\u00faltiples propuestas que se est\u00e1n preparando, el p\u00fablico podr\u00e1 disfrutar durante la celebraci\u00f3n chamamecera de la coreograf\u00eda que hicieron m\u00e1s de 300 correntinos. Una producci\u00f3n que fue filmada en la costanera y se proyectar\u00e1 en las pantallas gigantes ubicadas en el m\u00edtico escenario Osvaldo Sosa Cordero.<\/p>\n\n\n\n<p>\u201cLa coreograf\u00eda es una propuesta integradora para quienes quieren ser parte de la Fiesta y no son profesionales en la danza, permitiendo que personas de distintas edades se animen a bailar y ser parte de esta propuesta art\u00edstica\u201d, se\u00f1al\u00f3 el core\u00f3grafo Matias Pedemonte.<\/p>\n\n\n\n<p>Anticip\u00f3 que a trav\u00e9s de la coreograf\u00eda se representan tres figuras claves del Litoral. \u201cEstas figuras tienen que ver con la preservaci\u00f3n y cuidado de nuestra fauna, nuestra cultura musical y la fuerza de la fe como s\u00edmbolo de protecci\u00f3n\u201d, agreg\u00f3.<\/p>\n\n\n\n<p>Para ello, en la coreograf\u00eda se intervinieron tres espacios representativos de la ciudad de Corrientes: Costanera y 3 de Abril, Paseo Iber\u00e1 y el monumento a La Cruz de los Milagros.\u00a0<\/p>\n\n\n\n<figure class=\"wp-block-gallery has-nested-images columns-default is-cropped wp-block-gallery-2 is-layout-flex wp-block-gallery-is-layout-flex\">\n<figure class=\"wp-block-image size-large\"><img loading=\"lazy\" decoding=\"async\" width=\"790\" height=\"527\" data-id=\"1226\" src=\"https:\/\/fiestanacionaldelchamame.com.ar\/wp-content\/uploads\/2022\/12\/04-1.jpg\" alt=\"\" class=\"wp-image-1226\" srcset=\"https:\/\/fiestanacionaldelchamame.com.ar\/wp-content\/uploads\/2022\/12\/04-1.jpg 790w, https:\/\/fiestanacionaldelchamame.com.ar\/wp-content\/uploads\/2022\/12\/04-1-300x200.jpg 300w, https:\/\/fiestanacionaldelchamame.com.ar\/wp-content\/uploads\/2022\/12\/04-1-768x512.jpg 768w\" sizes=\"(max-width: 790px) 100vw, 790px\" \/><\/figure>\n<\/figure>\n\n\n\n<p>\u201cMe permito so\u00f1ar y pensar que este proyecto siga creciendo y que no solo sea un hecho que nos une art\u00edsticamente si no que tambi\u00e9n sea un evento tur\u00edstico, ya que muchas personas del interior han querido participar pero se les hizo imposible asistir a los ensayos por la log\u00edstica que para ellos representaba. Pero en un futuro no muy lejano, mi gran deseo ser\u00eda que esto sea un acontecimiento cultural que a\u00f1o a a\u00f1o nos una en Corrientes&nbsp; y que hasta pueda generarse ocupaci\u00f3n en los hoteles de la ciudad durante todo el periodo que est\u00e1 coreograf\u00eda se ensaye generando as\u00ed turismo, no s\u00f3lo local sino tambi\u00e9n de las provincias hermanas\u201d, reflexion\u00f3.<\/p>\n\n\n\n<p>En este mismo sentido, indic\u00f3: \u201cEste chamam\u00e9 para un mundo nuevo viene a dejar un mensaje esperanzador, que ojal\u00e1 podamos plantar esa semilla en todas aquellas personas que vean esta gran coreograf\u00eda\u201d.<\/p>\n\n\n\n<p><strong>Coreograf\u00eda<\/strong><\/p>\n\n\n\n<p>El tema musical principal de la coreograf\u00eda es &#8220;As\u00ed se baila el chamam\u00e9&#8221; en una versi\u00f3n del d\u00fao Los Campedrinos, con su caracter\u00edstica energ\u00eda juvenil, adem\u00e1s en el video final se hace una peque\u00f1a intervenci\u00f3n musical con una versi\u00f3n de &#8220;La Ca\u00fa&#8221; de Ra\u00fal Barboza.&nbsp;<\/p>\n\n\n\n<p>Para esta puesta en escena, el core\u00f3grafo cont\u00f3 con un equipo de producci\u00f3n y log\u00edstica integrado por Bel\u00e9n Ibarra como asistente de log\u00edstica y producci\u00f3n, Vanesa Obreg\u00f3n en producci\u00f3n, y Pablo G\u00f3mez como asistente de ensayos.<\/p>\n\n\n\n<p>Por su parte, el muralista correntino Pablo Rauber se encarg\u00f3 -junto con&nbsp; su equipo de trabajo- de plasmar a gran escala, en cada locaci\u00f3n, \u201clos dibujos coreogr\u00e1ficos que fui creando y que fueron sumamente necesarios para que todo saliera de maravillas\u201d, indic\u00f3. Adem\u00e1s, el equipo de filmaci\u00f3n y edici\u00f3n estuvo conformado por Joaqu\u00edn Dalmasso, Jos\u00e9 Suerte y Juan Dom\u00ednguez.<\/p>\n\n\n\n<p>\u201cNo me queda m\u00e1s que agradecer al Gobierno de la Provincia de Corrientes que a trav\u00e9s del Instituto de Cultura, con Gabriel Romero a la cabeza, Eduardo S\u00edvori y Lucia Alvira volvieron a confiar en m\u00ed para llevar a cabo tremendo proyecto\u201d, expres\u00f3 Pedemonte.<\/p>\n\n\n\n<p>\u201cY a todas esas &#8220;almas enchamigadas&#8221; que una vez m\u00e1s se sumaron a esta hermosa danza multitudinaria\u201d, concluy\u00f3.<\/p>\n","protected":false},"excerpt":{"rendered":"<p>CHAMAME PARA UN MUNDO NUEVO M\u00e1s de 300 correntinos participaron de un cuadro coreogr\u00e1fico a gran escala que se estrenar\u00e1 durante la 32\u00aa Fiesta Nacional del Chamam\u00e9, del 13 al 22 de enero, en el anfiteatro Mario del Tr\u00e1nsito Cocomarola. Esta propuesta liderada por el core\u00f3grafo Matias Pedemonte fue filmada a principios de diciembre en&#8230;<\/p>\n","protected":false},"author":1,"featured_media":1227,"comment_status":"open","ping_status":"closed","sticky":false,"template":"","format":"standard","meta":{"footnotes":""},"categories":[1],"tags":[],"class_list":["post-1225","post","type-post","status-publish","format-standard","has-post-thumbnail","hentry","category-noticias"],"_links":{"self":[{"href":"https:\/\/fiestanacionaldelchamame.com.ar\/index.php?rest_route=\/wp\/v2\/posts\/1225","targetHints":{"allow":["GET"]}}],"collection":[{"href":"https:\/\/fiestanacionaldelchamame.com.ar\/index.php?rest_route=\/wp\/v2\/posts"}],"about":[{"href":"https:\/\/fiestanacionaldelchamame.com.ar\/index.php?rest_route=\/wp\/v2\/types\/post"}],"author":[{"embeddable":true,"href":"https:\/\/fiestanacionaldelchamame.com.ar\/index.php?rest_route=\/wp\/v2\/users\/1"}],"replies":[{"embeddable":true,"href":"https:\/\/fiestanacionaldelchamame.com.ar\/index.php?rest_route=%2Fwp%2Fv2%2Fcomments&post=1225"}],"version-history":[{"count":1,"href":"https:\/\/fiestanacionaldelchamame.com.ar\/index.php?rest_route=\/wp\/v2\/posts\/1225\/revisions"}],"predecessor-version":[{"id":1232,"href":"https:\/\/fiestanacionaldelchamame.com.ar\/index.php?rest_route=\/wp\/v2\/posts\/1225\/revisions\/1232"}],"wp:featuredmedia":[{"embeddable":true,"href":"https:\/\/fiestanacionaldelchamame.com.ar\/index.php?rest_route=\/wp\/v2\/media\/1227"}],"wp:attachment":[{"href":"https:\/\/fiestanacionaldelchamame.com.ar\/index.php?rest_route=%2Fwp%2Fv2%2Fmedia&parent=1225"}],"wp:term":[{"taxonomy":"category","embeddable":true,"href":"https:\/\/fiestanacionaldelchamame.com.ar\/index.php?rest_route=%2Fwp%2Fv2%2Fcategories&post=1225"},{"taxonomy":"post_tag","embeddable":true,"href":"https:\/\/fiestanacionaldelchamame.com.ar\/index.php?rest_route=%2Fwp%2Fv2%2Ftags&post=1225"}],"curies":[{"name":"wp","href":"https:\/\/api.w.org\/{rel}","templated":true}]}}