{"id":1212,"date":"2022-12-26T19:33:33","date_gmt":"2022-12-26T22:33:33","guid":{"rendered":"https:\/\/fiestanacionaldelchamame.com.ar\/?p=1212"},"modified":"2022-12-26T19:33:37","modified_gmt":"2022-12-26T22:33:37","slug":"el-ballet-oficial-de-la-32a-fiesta-nacional-del-chamame-prepara-un-renovado-repertorio","status":"publish","type":"post","link":"https:\/\/fiestanacionaldelchamame.com.ar\/?p=1212","title":{"rendered":"El Ballet Oficial de la 32\u00aa Fiesta Nacional del Chamam\u00e9 prepara un renovado repertorio"},"content":{"rendered":"\n<h2 class=\"wp-block-heading\">CHAMAME PARA UN MUNDO NUEVO<\/h2>\n\n\n\n<p>Avanzan los preparativos para una nueva edici\u00f3n de la Fiesta Nacional del Chamam\u00e9 y, como ya es tradici\u00f3n, un nuevo elenco de bailarines que integra el Ballet Oficial, trabaja intensamente para presentar un renovado repertorio en el escenario Osvaldo Sosa Cordero. Se repetir\u00e1n cuadros emblem\u00e1ticos como el \u201cMencho Correntino\u201d y \u201cLos hijos del Santo\u201d, y ensayan para los nuevos: entre ellos, \u201cComo agua entre los dedos\u201d y \u201cPlenilunio\u201d.<\/p>\n\n\n\n<figure class=\"wp-block-gallery has-nested-images columns-default is-cropped wp-block-gallery-1 is-layout-flex wp-block-gallery-is-layout-flex\">\n<figure class=\"wp-block-image size-large\"><img fetchpriority=\"high\" decoding=\"async\" width=\"1024\" height=\"678\" data-id=\"1222\" src=\"https:\/\/fiestanacionaldelchamame.com.ar\/wp-content\/uploads\/2022\/12\/02-1-1024x678.jpg\" alt=\"\" class=\"wp-image-1222\" srcset=\"https:\/\/fiestanacionaldelchamame.com.ar\/wp-content\/uploads\/2022\/12\/02-1-1024x678.jpg 1024w, https:\/\/fiestanacionaldelchamame.com.ar\/wp-content\/uploads\/2022\/12\/02-1-300x199.jpg 300w, https:\/\/fiestanacionaldelchamame.com.ar\/wp-content\/uploads\/2022\/12\/02-1-768x509.jpg 768w, https:\/\/fiestanacionaldelchamame.com.ar\/wp-content\/uploads\/2022\/12\/02-1-1536x1017.jpg 1536w, https:\/\/fiestanacionaldelchamame.com.ar\/wp-content\/uploads\/2022\/12\/02-1-850x563.jpg 850w, https:\/\/fiestanacionaldelchamame.com.ar\/wp-content\/uploads\/2022\/12\/02-1.jpg 2048w\" sizes=\"(max-width: 1024px) 100vw, 1024px\" \/><\/figure>\n\n\n\n<figure class=\"wp-block-image size-large\"><img decoding=\"async\" width=\"1024\" height=\"712\" data-id=\"1223\" src=\"https:\/\/fiestanacionaldelchamame.com.ar\/wp-content\/uploads\/2022\/12\/01-1-1024x712.jpg\" alt=\"\" class=\"wp-image-1223\" srcset=\"https:\/\/fiestanacionaldelchamame.com.ar\/wp-content\/uploads\/2022\/12\/01-1-1024x712.jpg 1024w, https:\/\/fiestanacionaldelchamame.com.ar\/wp-content\/uploads\/2022\/12\/01-1-300x209.jpg 300w, https:\/\/fiestanacionaldelchamame.com.ar\/wp-content\/uploads\/2022\/12\/01-1-768x534.jpg 768w, https:\/\/fiestanacionaldelchamame.com.ar\/wp-content\/uploads\/2022\/12\/01-1-1536x1068.jpg 1536w, https:\/\/fiestanacionaldelchamame.com.ar\/wp-content\/uploads\/2022\/12\/01-1-850x591.jpg 850w, https:\/\/fiestanacionaldelchamame.com.ar\/wp-content\/uploads\/2022\/12\/01-1.jpg 2048w\" sizes=\"(max-width: 1024px) 100vw, 1024px\" \/><\/figure>\n<\/figure>\n\n\n\n<p>El Gobierno de la Provincia, a trav\u00e9s del Instituto de Cultura, ultima los detalles organizativos de la 32\u00aa Fiesta Nacional del Chamam\u00e9, 18\u00aa Fiesta del MERCOSUR y 2\u00aa Celebraci\u00f3n Mundial, que reunir\u00e1 del 13 al 22 de enero, en el anfiteatro Mario del Tr\u00e1nsito Cocomarola, a los principales exponentes del g\u00e9nero.<\/p>\n\n\n\n<p>La grilla art\u00edstica incluye al Ballet Oficial de la Fiesta, dirigido por el core\u00f3grafo Luis Marinoni, que se termin\u00f3 de integrar el pasado 7 de diciembre, a partir de una audici\u00f3n de la que participaron m\u00e1s de 150 bailarines de distintos puntos de la provincia y otras partes del pa\u00eds. Desde ese d\u00eda, iniciaron los ensayos en el Teatro Vera, alistando las propuestas coreogr\u00e1ficas que llevar\u00e1n al m\u00edtico escenario.\u00a0<\/p>\n\n\n\n<figure class=\"wp-block-gallery has-nested-images columns-default is-cropped wp-block-gallery-2 is-layout-flex wp-block-gallery-is-layout-flex\">\n<figure class=\"wp-block-image size-large\"><img decoding=\"async\" width=\"1024\" height=\"683\" data-id=\"1220\" src=\"https:\/\/fiestanacionaldelchamame.com.ar\/wp-content\/uploads\/2022\/12\/09-1024x683.jpg\" alt=\"\" class=\"wp-image-1220\" srcset=\"https:\/\/fiestanacionaldelchamame.com.ar\/wp-content\/uploads\/2022\/12\/09-1024x683.jpg 1024w, https:\/\/fiestanacionaldelchamame.com.ar\/wp-content\/uploads\/2022\/12\/09-300x200.jpg 300w, https:\/\/fiestanacionaldelchamame.com.ar\/wp-content\/uploads\/2022\/12\/09-768x512.jpg 768w, https:\/\/fiestanacionaldelchamame.com.ar\/wp-content\/uploads\/2022\/12\/09-1536x1024.jpg 1536w, https:\/\/fiestanacionaldelchamame.com.ar\/wp-content\/uploads\/2022\/12\/09-850x567.jpg 850w, https:\/\/fiestanacionaldelchamame.com.ar\/wp-content\/uploads\/2022\/12\/09.jpg 2048w\" sizes=\"(max-width: 1024px) 100vw, 1024px\" \/><\/figure>\n\n\n\n<figure class=\"wp-block-image size-large\"><img loading=\"lazy\" decoding=\"async\" width=\"1024\" height=\"678\" data-id=\"1217\" src=\"https:\/\/fiestanacionaldelchamame.com.ar\/wp-content\/uploads\/2022\/12\/05-1024x678.jpg\" alt=\"\" class=\"wp-image-1217\" srcset=\"https:\/\/fiestanacionaldelchamame.com.ar\/wp-content\/uploads\/2022\/12\/05-1024x678.jpg 1024w, https:\/\/fiestanacionaldelchamame.com.ar\/wp-content\/uploads\/2022\/12\/05-300x199.jpg 300w, https:\/\/fiestanacionaldelchamame.com.ar\/wp-content\/uploads\/2022\/12\/05-768x509.jpg 768w, https:\/\/fiestanacionaldelchamame.com.ar\/wp-content\/uploads\/2022\/12\/05-1536x1017.jpg 1536w, https:\/\/fiestanacionaldelchamame.com.ar\/wp-content\/uploads\/2022\/12\/05-850x563.jpg 850w, https:\/\/fiestanacionaldelchamame.com.ar\/wp-content\/uploads\/2022\/12\/05.jpg 2048w\" sizes=\"(max-width: 1024px) 100vw, 1024px\" \/><\/figure>\n<\/figure>\n\n\n\n<p>\u201cEl elenco est\u00e1 conformado por 40 bailarines que en gran parte han sido seleccionados a trav\u00e9s de una audici\u00f3n. De all\u00ed surgi\u00f3 el 80 por ciento de los lugares vacantes, los dem\u00e1s son bailarines con historia que entendemos cu\u00e1l es su entrega y su aporte sustancial para la compa\u00f1\u00eda, y por eso fueron invitados a formar parte de este elenco del 2023\u201d, se\u00f1al\u00f3 Marinoni.&nbsp;<\/p>\n\n\n\n<p>Explic\u00f3 que las tem\u00e1ticas que se van a tocar son diferentes, \u201ctiene que ver un poco con el repertorio que se trabaja habitualmente. El p\u00fablico que consume m\u00fasica chamamecera entiende que hay temas que son del repertorio chamamecero y que los puede escuchar en diferentes versiones todos los a\u00f1os, la m\u00fasica se vive de una manera espont\u00e1nea, lo mismo estamos buscando con respecto a la danza\u201d, agreg\u00f3.<\/p>\n\n\n\n<p>Confirm\u00f3 que se van a repetir los cuadros \u201cMencho correntino\u201d y \u201cLos hijos del Santo\u201d. Al respecto, se\u00f1al\u00f3 que \u201cson obras emblem\u00e1ticas de la cultura correntina que no podemos dejar de comunicar a la gente que llega de otros lugares o lo ve por televisi\u00f3n. C\u00f3mo es la cultura de Corrientes, sus personajes, los misterios que encierran sus pueblos, las celebraciones, los mitos, las creencias, la manera que se vive la religiosidad\u201d.<\/p>\n\n\n\n<figure class=\"wp-block-gallery has-nested-images columns-default is-cropped wp-block-gallery-3 is-layout-flex wp-block-gallery-is-layout-flex\">\n<figure class=\"wp-block-image size-large\"><img loading=\"lazy\" decoding=\"async\" width=\"1024\" height=\"678\" data-id=\"1213\" src=\"https:\/\/fiestanacionaldelchamame.com.ar\/wp-content\/uploads\/2022\/12\/07-1024x678.jpg\" alt=\"\" class=\"wp-image-1213\" srcset=\"https:\/\/fiestanacionaldelchamame.com.ar\/wp-content\/uploads\/2022\/12\/07-1024x678.jpg 1024w, https:\/\/fiestanacionaldelchamame.com.ar\/wp-content\/uploads\/2022\/12\/07-300x199.jpg 300w, https:\/\/fiestanacionaldelchamame.com.ar\/wp-content\/uploads\/2022\/12\/07-768x509.jpg 768w, https:\/\/fiestanacionaldelchamame.com.ar\/wp-content\/uploads\/2022\/12\/07-1536x1017.jpg 1536w, https:\/\/fiestanacionaldelchamame.com.ar\/wp-content\/uploads\/2022\/12\/07-850x563.jpg 850w, https:\/\/fiestanacionaldelchamame.com.ar\/wp-content\/uploads\/2022\/12\/07.jpg 2048w\" sizes=\"(max-width: 1024px) 100vw, 1024px\" \/><\/figure>\n\n\n\n<figure class=\"wp-block-image size-large\"><img loading=\"lazy\" decoding=\"async\" width=\"1024\" height=\"678\" data-id=\"1216\" src=\"https:\/\/fiestanacionaldelchamame.com.ar\/wp-content\/uploads\/2022\/12\/03-1024x678.jpg\" alt=\"\" class=\"wp-image-1216\" srcset=\"https:\/\/fiestanacionaldelchamame.com.ar\/wp-content\/uploads\/2022\/12\/03-1024x678.jpg 1024w, https:\/\/fiestanacionaldelchamame.com.ar\/wp-content\/uploads\/2022\/12\/03-300x199.jpg 300w, https:\/\/fiestanacionaldelchamame.com.ar\/wp-content\/uploads\/2022\/12\/03-768x509.jpg 768w, https:\/\/fiestanacionaldelchamame.com.ar\/wp-content\/uploads\/2022\/12\/03-1536x1017.jpg 1536w, https:\/\/fiestanacionaldelchamame.com.ar\/wp-content\/uploads\/2022\/12\/03-850x563.jpg 850w, https:\/\/fiestanacionaldelchamame.com.ar\/wp-content\/uploads\/2022\/12\/03.jpg 2048w\" sizes=\"(max-width: 1024px) 100vw, 1024px\" \/><\/figure>\n\n\n\n<figure class=\"wp-block-image size-large\"><img loading=\"lazy\" decoding=\"async\" width=\"1024\" height=\"678\" data-id=\"1215\" src=\"https:\/\/fiestanacionaldelchamame.com.ar\/wp-content\/uploads\/2022\/12\/04-1024x678.jpg\" alt=\"\" class=\"wp-image-1215\" srcset=\"https:\/\/fiestanacionaldelchamame.com.ar\/wp-content\/uploads\/2022\/12\/04-1024x678.jpg 1024w, https:\/\/fiestanacionaldelchamame.com.ar\/wp-content\/uploads\/2022\/12\/04-300x199.jpg 300w, https:\/\/fiestanacionaldelchamame.com.ar\/wp-content\/uploads\/2022\/12\/04-768x509.jpg 768w, https:\/\/fiestanacionaldelchamame.com.ar\/wp-content\/uploads\/2022\/12\/04-1536x1017.jpg 1536w, https:\/\/fiestanacionaldelchamame.com.ar\/wp-content\/uploads\/2022\/12\/04-850x563.jpg 850w, https:\/\/fiestanacionaldelchamame.com.ar\/wp-content\/uploads\/2022\/12\/04.jpg 2048w\" sizes=\"(max-width: 1024px) 100vw, 1024px\" \/><\/figure>\n\n\n\n<figure class=\"wp-block-image size-large\"><img loading=\"lazy\" decoding=\"async\" width=\"1024\" height=\"683\" data-id=\"1214\" src=\"https:\/\/fiestanacionaldelchamame.com.ar\/wp-content\/uploads\/2022\/12\/08-1024x683.jpg\" alt=\"\" class=\"wp-image-1214\" srcset=\"https:\/\/fiestanacionaldelchamame.com.ar\/wp-content\/uploads\/2022\/12\/08-1024x683.jpg 1024w, https:\/\/fiestanacionaldelchamame.com.ar\/wp-content\/uploads\/2022\/12\/08-300x200.jpg 300w, https:\/\/fiestanacionaldelchamame.com.ar\/wp-content\/uploads\/2022\/12\/08-768x512.jpg 768w, https:\/\/fiestanacionaldelchamame.com.ar\/wp-content\/uploads\/2022\/12\/08-1536x1024.jpg 1536w, https:\/\/fiestanacionaldelchamame.com.ar\/wp-content\/uploads\/2022\/12\/08-850x567.jpg 850w, https:\/\/fiestanacionaldelchamame.com.ar\/wp-content\/uploads\/2022\/12\/08.jpg 2048w\" sizes=\"(max-width: 1024px) 100vw, 1024px\" \/><\/figure>\n<\/figure>\n\n\n\n<p>Dijo tambi\u00e9n que la Fiesta Nacional del Chamam\u00e9, a trav\u00e9s de su Ballet Oficial, se hermana con diferentes propuestas que parten desde el MERCOSUR. \u201cEs necesario que el Ballet Oficial sea el abrazo que une, y que enchamiga a todas las naciones chamameceras\u201d, afirm\u00f3.<\/p>\n\n\n\n<p>\u201cVamos a dar tambi\u00e9n un abrazo a los paraguayos que est\u00e1n pidiendo que la guarania sea declarada Patrimonio de la Humanidad, como ya lo es el chamam\u00e9. El Ballet Oficial, va a hacer un homenaje con g\u00e9neros espec\u00edficos como la guarania y tambi\u00e9n recordando a dos personajes hist\u00f3ricos: el mariscal Francisco Solano L\u00f3pez y Madame Lynch, su esposa, en una historia de sus vidas que tiene que ver mucho con lo que es hoy la hermano pa\u00eds\u201d, sostuvo.<\/p>\n\n\n\n<p>Otra novedad tendr\u00e1 que ver con una obra que incluir\u00e1 dos invitados especiales: la correntina Lourdes S\u00e1nchez, y el bailar\u00edn Jony Lazarte, quienes acompa\u00f1ar\u00e1n la coreograf\u00eda \u201cComo agua entre los dedos\u201d. Una puesta que habla sobre el r\u00edo y \u201csobre esta cuesti\u00f3n on\u00edrica de sentir el litoral a partir de los fen\u00f3menos que nos abrazan, como es el gran Paran\u00e1\u201d.<\/p>\n\n\n\n<p>Asimismo, se presentar\u00e1 por primera vez, la obra \u201cPlenilunio\u201d, con una mirada sobre la cultura litorale\u00f1a, hablando de los hombres de monte y de selva, y del mito de la Ca\u00e1 Yar\u00ed. \u201cSe busca que se puedan comprender algunas composiciones musicales y de letras que tienen diferentes connotaciones, contando c\u00f3mo vive un hombre metido en el monte, sufriente, como son por ejemplo las creaciones de Ram\u00f3n Ayala\u201d, precis\u00f3 el core\u00f3grafo.<\/p>\n\n\n\n<p>De esta manera, se consolida como el \u00fanico Ballet Oficial en todo el pa\u00eds que presenta 8 propuestas coreogr\u00e1ficas, trabajadas y presentadas con un mismo elenco. \u201cEs la \u00fanica Fiesta del pa\u00eds, que tiene un Ballet Oficial que hace tantas propuestas art\u00edsticas durante las diferentes noches. Y eso es un gran logro de la danza en una celebraci\u00f3n tan grande\u201d, destac\u00f3.<\/p>\n\n\n\n<p><strong>Pensamiento litorale\u00f1o<\/strong><\/p>\n\n\n\n<p>Todas estas l\u00edneas coreogr\u00e1ficas parten desde el pensamiento litorale\u00f1o, con el gran disparador del chamam\u00e9, \u201csentimos que cada una de las propuestas que tiene el Ballet Oficial no solamente son un momento de espectacularidad de la danza en un escenario tan imponente como el Osvaldo Sosa Cordero, sino que tambi\u00e9n son espacios para la reflexi\u00f3n y para el conocimiento\u201d, afirm\u00f3.<\/p>\n\n\n\n<p>\u201cCada uno de los cuadros que presenta el ballet, est\u00e1n pensados y estudiados, tienen una alta carga de responsabilidad educacional, que permite que sea m\u00e1s que una propuesta de espect\u00e1culo, sino que realmente sea un momento en donde uno pueda entender y comprender el gran universo del espacio en donde habita\u201d, agreg\u00f3.<\/p>\n\n\n\n<p><strong>Equipo<\/strong><\/p>\n\n\n\n<p>El Ballet Oficial se viene preparando desde el primer d\u00eda en el que inici\u00f3 sus actividades, el 7 de diciembre. El elenco liderado por Marinoni, est\u00e1 trabajando con los asistentes coreogr\u00e1ficos y repositores, los locales: Rodrigo Gemignani y Malvita Oporto, y los que llegaron desde Misiones: Nicol\u00e1s Oliva y Agustina Ayesa.<\/p>\n\n\n\n<p>\u201cLos cuatro son conocedores, y esa experiencia que tienen en el \u00e1mbito del Ballet Oficial es la que se capitaliza, y es un poco el objetivo de que sea un disparador para poder afrontar nuevas formas, siempre desde la impronta de la Fiesta Nacional del Chamam\u00e9\u201d, dijo el core\u00f3grafo.<\/p>\n\n\n\n<p>\u201cHan salido maravillosos grupos, con nuevas improntas y nuevas maneras de ver la danza. Y sentimos que ese es el aporte que hace el Ballet Oficial con respecto a la cotidianeidad de la danza. No pensar que es un instante en el a\u00f1o, que sucede solamente en diciembre y enero, sino que en realidad esta idea se proyecta en diferentes proyectos que van surgiendo\u201d, cerr\u00f3.<\/p>\n\n\n\n<p><strong>FOTOGRAF\u00cdA:<\/strong><\/p>\n\n\n\n<p>Aron Fisman<\/p>\n","protected":false},"excerpt":{"rendered":"<p>CHAMAME PARA UN MUNDO NUEVO Avanzan los preparativos para una nueva edici\u00f3n de la Fiesta Nacional del Chamam\u00e9 y, como ya es tradici\u00f3n, un nuevo elenco de bailarines que integra el Ballet Oficial, trabaja intensamente para presentar un renovado repertorio en el escenario Osvaldo Sosa Cordero. Se repetir\u00e1n cuadros emblem\u00e1ticos como el \u201cMencho Correntino\u201d y&#8230;<\/p>\n","protected":false},"author":1,"featured_media":1221,"comment_status":"open","ping_status":"closed","sticky":false,"template":"","format":"standard","meta":{"footnotes":""},"categories":[1],"tags":[],"class_list":["post-1212","post","type-post","status-publish","format-standard","has-post-thumbnail","hentry","category-noticias"],"_links":{"self":[{"href":"https:\/\/fiestanacionaldelchamame.com.ar\/index.php?rest_route=\/wp\/v2\/posts\/1212","targetHints":{"allow":["GET"]}}],"collection":[{"href":"https:\/\/fiestanacionaldelchamame.com.ar\/index.php?rest_route=\/wp\/v2\/posts"}],"about":[{"href":"https:\/\/fiestanacionaldelchamame.com.ar\/index.php?rest_route=\/wp\/v2\/types\/post"}],"author":[{"embeddable":true,"href":"https:\/\/fiestanacionaldelchamame.com.ar\/index.php?rest_route=\/wp\/v2\/users\/1"}],"replies":[{"embeddable":true,"href":"https:\/\/fiestanacionaldelchamame.com.ar\/index.php?rest_route=%2Fwp%2Fv2%2Fcomments&post=1212"}],"version-history":[{"count":1,"href":"https:\/\/fiestanacionaldelchamame.com.ar\/index.php?rest_route=\/wp\/v2\/posts\/1212\/revisions"}],"predecessor-version":[{"id":1224,"href":"https:\/\/fiestanacionaldelchamame.com.ar\/index.php?rest_route=\/wp\/v2\/posts\/1212\/revisions\/1224"}],"wp:featuredmedia":[{"embeddable":true,"href":"https:\/\/fiestanacionaldelchamame.com.ar\/index.php?rest_route=\/wp\/v2\/media\/1221"}],"wp:attachment":[{"href":"https:\/\/fiestanacionaldelchamame.com.ar\/index.php?rest_route=%2Fwp%2Fv2%2Fmedia&parent=1212"}],"wp:term":[{"taxonomy":"category","embeddable":true,"href":"https:\/\/fiestanacionaldelchamame.com.ar\/index.php?rest_route=%2Fwp%2Fv2%2Fcategories&post=1212"},{"taxonomy":"post_tag","embeddable":true,"href":"https:\/\/fiestanacionaldelchamame.com.ar\/index.php?rest_route=%2Fwp%2Fv2%2Ftags&post=1212"}],"curies":[{"name":"wp","href":"https:\/\/api.w.org\/{rel}","templated":true}]}}