{"id":1207,"date":"2022-12-25T07:17:00","date_gmt":"2022-12-25T10:17:00","guid":{"rendered":"https:\/\/fiestanacionaldelchamame.com.ar\/?p=1207"},"modified":"2022-12-26T19:24:20","modified_gmt":"2022-12-26T22:24:20","slug":"avanza-la-puesta-a-punto-del-cocomarola-para-la-32a-fiesta-nacional-del-chamame","status":"publish","type":"post","link":"https:\/\/fiestanacionaldelchamame.com.ar\/?p=1207","title":{"rendered":"Avanza la puesta a punto del Cocomarola para la 32\u00aa Fiesta Nacional del Chamam\u00e9"},"content":{"rendered":"\n<h2 class=\"wp-block-heading\">CHAMAME PARA UN MUNDO NUEVO<\/h2>\n\n\n\n<p>El Gobierno de la Provincia, a trav\u00e9s del Instituto de Cultura, trabaja en los preparativos para la 32\u00aa Fiesta Nacional del Chamam\u00e9, 18\u00aa Fiesta del Chamam\u00e9 del MERCOSUR y 2\u00aa Celebraci\u00f3n Mundial, a desarrollarse del 13 al 22 de enero, con epicentro en el templo del chamam\u00e9: un remozado anfiteatro Mario del Tr\u00e1nsito Cocomarola.<\/p>\n\n\n\n<figure class=\"wp-block-image size-large\"><img fetchpriority=\"high\" decoding=\"async\" width=\"1024\" height=\"768\" src=\"https:\/\/fiestanacionaldelchamame.com.ar\/wp-content\/uploads\/2022\/12\/04-1024x768.jpeg\" alt=\"\" class=\"wp-image-1209\" srcset=\"https:\/\/fiestanacionaldelchamame.com.ar\/wp-content\/uploads\/2022\/12\/04-1024x768.jpeg 1024w, https:\/\/fiestanacionaldelchamame.com.ar\/wp-content\/uploads\/2022\/12\/04-300x225.jpeg 300w, https:\/\/fiestanacionaldelchamame.com.ar\/wp-content\/uploads\/2022\/12\/04-768x576.jpeg 768w, https:\/\/fiestanacionaldelchamame.com.ar\/wp-content\/uploads\/2022\/12\/04-850x638.jpeg 850w, https:\/\/fiestanacionaldelchamame.com.ar\/wp-content\/uploads\/2022\/12\/04.jpeg 1080w\" sizes=\"(max-width: 1024px) 100vw, 1024px\" \/><\/figure>\n\n\n\n<p>El presidente del Instituto de Cultura, Arq. Gabriel Romero, acompa\u00f1ado por el director general de la Fiesta, Eduardo S\u00edvori, el director del anfiteatro, Sa\u00fal Rodr\u00edguez y el contador Ernesto Pozzer, recorrieron el predio que recibir\u00e1 en enero a miles de almas chamameceras, y supervisaron los trabajos de reacondicionamiento que llev\u00f3 adelante el ministerio de Obras P\u00fablicas de la Provincia.&nbsp;&nbsp;<\/p>\n\n\n\n<p>Entre las tareas de puesta en condiciones del predio, se pint\u00f3 todo el anfiteatro \u2013incluyendo las butacas-, se realizaron mejoras en los ba\u00f1os para el p\u00fablico y del sector de camarines, se reemplazaron las luminarias y se arreglaron las instalaciones el\u00e9ctricas en general, y se cambi\u00f3 la totalidad del fen\u00f3lico del escenario Osvaldo Sosa Cordero.<\/p>\n\n\n\n<figure class=\"wp-block-image size-large\"><img decoding=\"async\" width=\"1024\" height=\"768\" src=\"https:\/\/fiestanacionaldelchamame.com.ar\/wp-content\/uploads\/2022\/12\/03-1024x768.jpeg\" alt=\"\" class=\"wp-image-1208\" srcset=\"https:\/\/fiestanacionaldelchamame.com.ar\/wp-content\/uploads\/2022\/12\/03-1024x768.jpeg 1024w, https:\/\/fiestanacionaldelchamame.com.ar\/wp-content\/uploads\/2022\/12\/03-300x225.jpeg 300w, https:\/\/fiestanacionaldelchamame.com.ar\/wp-content\/uploads\/2022\/12\/03-768x576.jpeg 768w, https:\/\/fiestanacionaldelchamame.com.ar\/wp-content\/uploads\/2022\/12\/03-850x638.jpeg 850w, https:\/\/fiestanacionaldelchamame.com.ar\/wp-content\/uploads\/2022\/12\/03.jpeg 1080w\" sizes=\"(max-width: 1024px) 100vw, 1024px\" \/><\/figure>\n\n\n\n<p><strong>Venta de entradas<\/strong><\/p>\n\n\n\n<p>Desde la organizaci\u00f3n recordaron que est\u00e1n en venta las entradas para la 32\u00aa Fiesta Nacional del Chamam\u00e9. Las mismas tienen un costo de $1.500, y se pueden adquirir de manera presencial, y a trav\u00e9s de la plataforma&nbsp;<a href=\"https:\/\/www.fullticket.com\/\" target=\"_blank\" rel=\"noreferrer noopener\">https:\/\/www.fullticket.com\/<\/a><\/p>\n\n\n\n<p>En el caso de la venta en boleter\u00eda, esta \u00faltima semana de diciembre se realizar\u00e1 en la sede del Instituto de Cultura de Corrientes (San Juan 546), de 8 a 12,30. En tanto, desde el primer d\u00eda h\u00e1bil de enero se habilitar\u00e1 en el Teatro Vera (San Juan 637), de lunes a viernes, de 8 a 12, y por la tarde, de 17 a 20.<\/p>\n\n\n\n<p>Aclararon que las personas que opten por la compra mediante plataforma, recibir\u00e1n un c\u00f3digo QR al celular, y deber\u00e1n mostrarlo para ingresar al predio.<\/p>\n","protected":false},"excerpt":{"rendered":"<p>CHAMAME PARA UN MUNDO NUEVO El Gobierno de la Provincia, a trav\u00e9s del Instituto de Cultura, trabaja en los preparativos para la 32\u00aa Fiesta Nacional del Chamam\u00e9, 18\u00aa Fiesta del Chamam\u00e9 del MERCOSUR y 2\u00aa Celebraci\u00f3n Mundial, a desarrollarse del 13 al 22 de enero, con epicentro en el templo del chamam\u00e9: un remozado anfiteatro&#8230;<\/p>\n","protected":false},"author":1,"featured_media":1210,"comment_status":"open","ping_status":"closed","sticky":false,"template":"","format":"standard","meta":{"footnotes":""},"categories":[1],"tags":[],"class_list":["post-1207","post","type-post","status-publish","format-standard","has-post-thumbnail","hentry","category-noticias"],"_links":{"self":[{"href":"https:\/\/fiestanacionaldelchamame.com.ar\/index.php?rest_route=\/wp\/v2\/posts\/1207","targetHints":{"allow":["GET"]}}],"collection":[{"href":"https:\/\/fiestanacionaldelchamame.com.ar\/index.php?rest_route=\/wp\/v2\/posts"}],"about":[{"href":"https:\/\/fiestanacionaldelchamame.com.ar\/index.php?rest_route=\/wp\/v2\/types\/post"}],"author":[{"embeddable":true,"href":"https:\/\/fiestanacionaldelchamame.com.ar\/index.php?rest_route=\/wp\/v2\/users\/1"}],"replies":[{"embeddable":true,"href":"https:\/\/fiestanacionaldelchamame.com.ar\/index.php?rest_route=%2Fwp%2Fv2%2Fcomments&post=1207"}],"version-history":[{"count":1,"href":"https:\/\/fiestanacionaldelchamame.com.ar\/index.php?rest_route=\/wp\/v2\/posts\/1207\/revisions"}],"predecessor-version":[{"id":1211,"href":"https:\/\/fiestanacionaldelchamame.com.ar\/index.php?rest_route=\/wp\/v2\/posts\/1207\/revisions\/1211"}],"wp:featuredmedia":[{"embeddable":true,"href":"https:\/\/fiestanacionaldelchamame.com.ar\/index.php?rest_route=\/wp\/v2\/media\/1210"}],"wp:attachment":[{"href":"https:\/\/fiestanacionaldelchamame.com.ar\/index.php?rest_route=%2Fwp%2Fv2%2Fmedia&parent=1207"}],"wp:term":[{"taxonomy":"category","embeddable":true,"href":"https:\/\/fiestanacionaldelchamame.com.ar\/index.php?rest_route=%2Fwp%2Fv2%2Fcategories&post=1207"},{"taxonomy":"post_tag","embeddable":true,"href":"https:\/\/fiestanacionaldelchamame.com.ar\/index.php?rest_route=%2Fwp%2Fv2%2Ftags&post=1207"}],"curies":[{"name":"wp","href":"https:\/\/api.w.org\/{rel}","templated":true}]}}