{"id":1191,"date":"2022-12-21T19:57:16","date_gmt":"2022-12-21T22:57:16","guid":{"rendered":"https:\/\/fiestanacionaldelchamame.com.ar\/?p=1191"},"modified":"2022-12-21T19:57:51","modified_gmt":"2022-12-21T22:57:51","slug":"la-fiesta-grande-se-vivira-a-pleno-en-multiples-espacios","status":"publish","type":"post","link":"https:\/\/fiestanacionaldelchamame.com.ar\/?p=1191","title":{"rendered":"La Fiesta Grande se vivir\u00e1 a pleno en m\u00faltiples espacios"},"content":{"rendered":"\n<h2 class=\"wp-block-heading\">CHAMAME PARA UN MUNDO NUEVO<\/h2>\n\n\n\n<p>El Gobierno de la Provincia, a trav\u00e9s del Instituto de Cultura de Corrientes, avanza en la organizaci\u00f3n de la 32\u00aa Fiesta Nacional del Chamam\u00e9, 18\u00aa Fiesta del Chamam\u00e9 del MERCOSUR y 2\u00aa Celebraci\u00f3n Mundial, que se vivir\u00e1 a pleno del 13 al 22 de enero en el anfiteatro Cocomarola, pero se disfrutar\u00e1 desde principios de mes en distintos espacios de la ciudad de Corrientes, en varias localidades del interior y provincias chamameceras de la regi\u00f3n.<\/p>\n\n\n\n<p>\u201cDesde hace algunos a\u00f1os pensamos que la Fiesta Nacional del Chamam\u00e9 tiene que ocupar no solamente el \u00e1mbito del anfiteatro Cocomarola, sino tener presencia en los municipios cercanos a trav\u00e9s de las bailantas y de otras actividades, y tambi\u00e9n sumar propuestas en la ciudad de Corrientes\u201d, se\u00f1al\u00f3 el presidente del Instituto de Cultura de Corrientes, Arq. Gabriel Romero.<\/p>\n\n\n\n<p>Al respecto, destac\u00f3 que \u201cse fueron agregando los museos, los foros de la cultura chamamecera, el cine chamamecero, las actividades solidarias, y eso fue creciendo de tal forma que la ciudad pueda vivir de una manera muy especial\u00a0 la Fiesta Nacional del Chamam\u00e9\u201d.<\/p>\n\n\n\n<figure class=\"wp-block-image size-large\"><img fetchpriority=\"high\" decoding=\"async\" width=\"1024\" height=\"768\" src=\"https:\/\/fiestanacionaldelchamame.com.ar\/wp-content\/uploads\/2022\/12\/Desfile-Nautico-1024x768.jpg\" alt=\"\" class=\"wp-image-1192\" srcset=\"https:\/\/fiestanacionaldelchamame.com.ar\/wp-content\/uploads\/2022\/12\/Desfile-Nautico-1024x768.jpg 1024w, https:\/\/fiestanacionaldelchamame.com.ar\/wp-content\/uploads\/2022\/12\/Desfile-Nautico-300x225.jpg 300w, https:\/\/fiestanacionaldelchamame.com.ar\/wp-content\/uploads\/2022\/12\/Desfile-Nautico-768x576.jpg 768w, https:\/\/fiestanacionaldelchamame.com.ar\/wp-content\/uploads\/2022\/12\/Desfile-Nautico-1536x1152.jpg 1536w, https:\/\/fiestanacionaldelchamame.com.ar\/wp-content\/uploads\/2022\/12\/Desfile-Nautico-2048x1536.jpg 2048w, https:\/\/fiestanacionaldelchamame.com.ar\/wp-content\/uploads\/2022\/12\/Desfile-Nautico-850x638.jpg 850w\" sizes=\"(max-width: 1024px) 100vw, 1024px\" \/><\/figure>\n\n\n\n<p>El director general de la Fiesta, Eduardo S\u00edvori, tambi\u00e9n se refiri\u00f3 a las distintas propuestas que se desarrollar\u00e1n lejos del Cocomarola, \u201ccon la idea de que la Fiesta involucra a toda comunidad, estamos promoviendo distintas actividades en distintos puntos de la ciudad y en articulaci\u00f3n con todos los municipios, en varios puntos de la provincia\u201d.<\/p>\n\n\n\n<p>Coment\u00f3 que, por ejemplo, el Municipio de la Capital \u201cva a instalar pantallas gigantes y realizar bailes, en los grandes barrios de la ciudad y en la rotonda de la Virgen, con una invitaci\u00f3n a que todos los vecinos participen\u201d.<\/p>\n\n\n\n<p>Tambi\u00e9n anticip\u00f3 que una de las novedades de la pr\u00f3xima edici\u00f3n tendr\u00e1 que ver con las pe\u00f1as chamameceras, entre ellas, ya est\u00e1n confirmadas: \u201cLa Previa\u201d en el ex penal N\u00ba1 -adem\u00e1s de un fin de semana de m\u00fasica en este mismo espacio-, y las que estar\u00e1n lideradas por los Hijos de los Barrios y otra por el m\u00fasico Tono Ben\u00edtez. \u00a0\u00a0<\/p>\n\n\n\n<figure class=\"wp-block-image size-full\"><img decoding=\"async\" width=\"759\" height=\"503\" src=\"https:\/\/fiestanacionaldelchamame.com.ar\/wp-content\/uploads\/2022\/12\/SERENATAS-frente-al-rio.jpg\" alt=\"\" class=\"wp-image-1193\" srcset=\"https:\/\/fiestanacionaldelchamame.com.ar\/wp-content\/uploads\/2022\/12\/SERENATAS-frente-al-rio.jpg 759w, https:\/\/fiestanacionaldelchamame.com.ar\/wp-content\/uploads\/2022\/12\/SERENATAS-frente-al-rio-300x199.jpg 300w\" sizes=\"(max-width: 759px) 100vw, 759px\" \/><\/figure>\n\n\n\n<p>Se refiri\u00f3 adem\u00e1s a otras alternativas como \u201cEl Chamam\u00e9 con Todos\u201d que \u201cconsiste en visitar espacios de correntinos que sabemos que, por distintos motivos, no pueden concurrir al Cocomarola u otros lugares, como es el caso del hogar de ancianos y las c\u00e1rceles, con el objetivo de que puedan formar parte de nuestra celebraci\u00f3n\u201d.<\/p>\n\n\n\n<p>Confirm\u00f3 tambi\u00e9n que \u201cvamos a recorrer los principales espacios p\u00fablicos: como la Costanera y las plazas, para que toda la ciudad viva la fiesta\u201d, y finalmente, remarc\u00f3 que \u201cesto tambi\u00e9n se va a ir replicando con distinto formato, en muchos municipios de la provincia que se est\u00e1n sumando, y no s\u00f3lo de nuestra provincia, sino tambi\u00e9n del norte de Santa Fe, algunos del Chaco y &nbsp;de Entre R\u00edos. La invitaci\u00f3n fue abierta para todos, de tal manera que la Fiesta d\u00e9 participaci\u00f3n a todos\u201d.<\/p>\n","protected":false},"excerpt":{"rendered":"<p>CHAMAME PARA UN MUNDO NUEVO El Gobierno de la Provincia, a trav\u00e9s del Instituto de Cultura de Corrientes, avanza en la organizaci\u00f3n de la 32\u00aa Fiesta Nacional del Chamam\u00e9, 18\u00aa Fiesta del Chamam\u00e9 del MERCOSUR y 2\u00aa Celebraci\u00f3n Mundial, que se vivir\u00e1 a pleno del 13 al 22 de enero en el anfiteatro Cocomarola, pero&#8230;<\/p>\n","protected":false},"author":1,"featured_media":1194,"comment_status":"open","ping_status":"closed","sticky":false,"template":"","format":"standard","meta":{"footnotes":""},"categories":[1],"tags":[],"class_list":["post-1191","post","type-post","status-publish","format-standard","has-post-thumbnail","hentry","category-noticias"],"_links":{"self":[{"href":"https:\/\/fiestanacionaldelchamame.com.ar\/index.php?rest_route=\/wp\/v2\/posts\/1191","targetHints":{"allow":["GET"]}}],"collection":[{"href":"https:\/\/fiestanacionaldelchamame.com.ar\/index.php?rest_route=\/wp\/v2\/posts"}],"about":[{"href":"https:\/\/fiestanacionaldelchamame.com.ar\/index.php?rest_route=\/wp\/v2\/types\/post"}],"author":[{"embeddable":true,"href":"https:\/\/fiestanacionaldelchamame.com.ar\/index.php?rest_route=\/wp\/v2\/users\/1"}],"replies":[{"embeddable":true,"href":"https:\/\/fiestanacionaldelchamame.com.ar\/index.php?rest_route=%2Fwp%2Fv2%2Fcomments&post=1191"}],"version-history":[{"count":2,"href":"https:\/\/fiestanacionaldelchamame.com.ar\/index.php?rest_route=\/wp\/v2\/posts\/1191\/revisions"}],"predecessor-version":[{"id":1196,"href":"https:\/\/fiestanacionaldelchamame.com.ar\/index.php?rest_route=\/wp\/v2\/posts\/1191\/revisions\/1196"}],"wp:featuredmedia":[{"embeddable":true,"href":"https:\/\/fiestanacionaldelchamame.com.ar\/index.php?rest_route=\/wp\/v2\/media\/1194"}],"wp:attachment":[{"href":"https:\/\/fiestanacionaldelchamame.com.ar\/index.php?rest_route=%2Fwp%2Fv2%2Fmedia&parent=1191"}],"wp:term":[{"taxonomy":"category","embeddable":true,"href":"https:\/\/fiestanacionaldelchamame.com.ar\/index.php?rest_route=%2Fwp%2Fv2%2Fcategories&post=1191"},{"taxonomy":"post_tag","embeddable":true,"href":"https:\/\/fiestanacionaldelchamame.com.ar\/index.php?rest_route=%2Fwp%2Fv2%2Ftags&post=1191"}],"curies":[{"name":"wp","href":"https:\/\/api.w.org\/{rel}","templated":true}]}}