{"id":1188,"date":"2022-12-19T19:30:00","date_gmt":"2022-12-19T22:30:00","guid":{"rendered":"https:\/\/fiestanacionaldelchamame.com.ar\/?p=1188"},"modified":"2022-12-21T19:50:10","modified_gmt":"2022-12-21T22:50:10","slug":"esta-confirmada-la-grilla-artistica-de-la-32a-fiesta-nacional-del-chamame","status":"publish","type":"post","link":"https:\/\/fiestanacionaldelchamame.com.ar\/?p=1188","title":{"rendered":"Est\u00e1 confirmada la grilla art\u00edstica de la 32\u00aa Fiesta Nacional del Chamam\u00e9"},"content":{"rendered":"\n<h2 class=\"wp-block-heading\">CHAMAME PARA UN MUNDO NUEVO<\/h2>\n\n\n\n<p>El Gobierno de la Provincia, a trav\u00e9s del Instituto de Cultura de Corrientes, confirm\u00f3 la grilla completa de artistas que subir\u00e1n al escenario Osvaldo Sosa Cordero, durante la 32\u00aa Fiesta Nacional del Chamam\u00e9, 18\u00aa Fiesta del Chamam\u00e9 del MERCOSUR, y 2\u00aa Celebraci\u00f3n Mundial, a desarrollarse del 13 al 22 de enero, con epicentro en el anfiteatro Mario del Tr\u00e1nsito Cocomarola. Adem\u00e1s, ya se pueden adquirir las entradas, tanto de manera presencial como a trav\u00e9s de la plataforma&nbsp;<a href=\"https:\/\/www.fullticket.com\/\" target=\"_blank\" rel=\"noreferrer noopener\">https:\/\/www.fullticket.com\/<\/a><\/p>\n\n\n\n<p>\u201cVan a ser m\u00e1s de 20 conjuntos por noche, siempre incluyendo a artistas consagrados, nuevos valores, representantes de las provincias chamameceras y los invitados de los pa\u00edses que integran la gran Naci\u00f3n Chamamecera\u201d, destac\u00f3 el presidente del Instituto de Cultura de Corrientes, Arq. Gabriel Romero.<\/p>\n\n\n\n<p><strong>Entradas<\/strong><\/p>\n\n\n\n<p>Dio a conocer que desde hoy se pueden comprar las entradas para cada una de las 10 noches de la Fiesta. Al respecto, precis\u00f3 que tienen un costo de 1.500 pesos, y se pueden conseguir de manera online, mediante&nbsp;<a href=\"https:\/\/www.fullticket.com\/\" target=\"_blank\" rel=\"noreferrer noopener\">https:\/\/www.fullticket.com\/<\/a><\/p>\n\n\n\n<p>Al respecto, desde la organizaci\u00f3n aclararon que a las personas que opten por la plataforma, se les enviar\u00e1 al celular un c\u00f3digo QR, y deber\u00e1n mostrarlo para ingresar al predio.<\/p>\n\n\n\n<p>En el caso de la venta en boleter\u00eda, la misma tendr\u00e1 lugar desde este mi\u00e9rcoles 21 de diciembre en la sede del Instituto de Cultura de Corrientes ubicado en San Juan 546. All\u00ed se podr\u00e1n comprar de lunes a viernes, de 8 a 12,30. En tanto, desde el primer d\u00eda h\u00e1bil de enero se habilitar\u00e1 la comercializaci\u00f3n en el Teatro Vera, de lunes a viernes, de 8 a 12, y de 17 a 20.<\/p>\n\n\n\n<p><strong>32 FIESTA NACIONAL DEL CHAMAME<\/strong><\/p>\n\n\n\n<p>Conoce la programaci\u00f3n completa <\/p>\n\n\n\n<p><a href=\"https:\/\/fiestanacionaldelchamame.com.ar\/?page_id=1175\" target=\"_blank\" rel=\"noreferrer noopener\">HACE CLICK AQUI<\/a><\/p>\n","protected":false},"excerpt":{"rendered":"<p>CHAMAME PARA UN MUNDO NUEVO El Gobierno de la Provincia, a trav\u00e9s del Instituto de Cultura de Corrientes, confirm\u00f3 la grilla completa de artistas que subir\u00e1n al escenario Osvaldo Sosa Cordero, durante la 32\u00aa Fiesta Nacional del Chamam\u00e9, 18\u00aa Fiesta del Chamam\u00e9 del MERCOSUR, y 2\u00aa Celebraci\u00f3n Mundial, a desarrollarse del 13 al 22 de&#8230;<\/p>\n","protected":false},"author":1,"featured_media":1190,"comment_status":"closed","ping_status":"closed","sticky":false,"template":"","format":"standard","meta":{"footnotes":""},"categories":[1],"tags":[],"class_list":["post-1188","post","type-post","status-publish","format-standard","has-post-thumbnail","hentry","category-noticias"],"_links":{"self":[{"href":"https:\/\/fiestanacionaldelchamame.com.ar\/index.php?rest_route=\/wp\/v2\/posts\/1188","targetHints":{"allow":["GET"]}}],"collection":[{"href":"https:\/\/fiestanacionaldelchamame.com.ar\/index.php?rest_route=\/wp\/v2\/posts"}],"about":[{"href":"https:\/\/fiestanacionaldelchamame.com.ar\/index.php?rest_route=\/wp\/v2\/types\/post"}],"author":[{"embeddable":true,"href":"https:\/\/fiestanacionaldelchamame.com.ar\/index.php?rest_route=\/wp\/v2\/users\/1"}],"replies":[{"embeddable":true,"href":"https:\/\/fiestanacionaldelchamame.com.ar\/index.php?rest_route=%2Fwp%2Fv2%2Fcomments&post=1188"}],"version-history":[{"count":1,"href":"https:\/\/fiestanacionaldelchamame.com.ar\/index.php?rest_route=\/wp\/v2\/posts\/1188\/revisions"}],"predecessor-version":[{"id":1189,"href":"https:\/\/fiestanacionaldelchamame.com.ar\/index.php?rest_route=\/wp\/v2\/posts\/1188\/revisions\/1189"}],"wp:featuredmedia":[{"embeddable":true,"href":"https:\/\/fiestanacionaldelchamame.com.ar\/index.php?rest_route=\/wp\/v2\/media\/1190"}],"wp:attachment":[{"href":"https:\/\/fiestanacionaldelchamame.com.ar\/index.php?rest_route=%2Fwp%2Fv2%2Fmedia&parent=1188"}],"wp:term":[{"taxonomy":"category","embeddable":true,"href":"https:\/\/fiestanacionaldelchamame.com.ar\/index.php?rest_route=%2Fwp%2Fv2%2Fcategories&post=1188"},{"taxonomy":"post_tag","embeddable":true,"href":"https:\/\/fiestanacionaldelchamame.com.ar\/index.php?rest_route=%2Fwp%2Fv2%2Ftags&post=1188"}],"curies":[{"name":"wp","href":"https:\/\/api.w.org\/{rel}","templated":true}]}}