{"id":1155,"date":"2022-11-14T06:48:07","date_gmt":"2022-11-14T09:48:07","guid":{"rendered":"https:\/\/fiestanacionaldelchamame.com.ar\/?p=1155"},"modified":"2022-11-15T06:51:43","modified_gmt":"2022-11-15T09:51:43","slug":"se-reprograma-la-presentacion-de-la-32a-fiesta-nacional-del-chamame","status":"publish","type":"post","link":"https:\/\/fiestanacionaldelchamame.com.ar\/?p=1155","title":{"rendered":"Se reprograma la presentaci\u00f3n de la 32\u00aa Fiesta Nacional del Chamam\u00e9"},"content":{"rendered":"\n<h2 class=\"wp-block-heading\"><strong>CHAMAME PARA UN MUNDO NUEVO<\/strong><\/h2>\n\n\n\n<p>El Instituto de&nbsp;Cultura&nbsp;de Corrientes comunica que, por contingencias surgidas a \u00faltimo momento en la coordinaci\u00f3n de agendas, se reprogramar\u00e1 la presentaci\u00f3n oficial de la&nbsp;32\u00aa Fiesta Nacional del Chamam\u00e9, 18\u00aa Fiesta del MERCOSUR y 2\u00aa Celebraci\u00f3n Mundial.<\/p>\n\n\n\n<p>Estaba previsto para este martes 15 de noviembre, a las 20, en el patio de Casa de Gobierno, y desde la organizaci\u00f3n indicaron que la nueva fecha se comunicar\u00e1 inmediatamente sea tomada la decisi\u00f3n.<\/p>\n\n\n\n<p>El lanzamiento contar\u00e1 con la presencia de las m\u00e1ximas autoridades provinciales e invitados especiales, y un importante n\u00famero de municipios ya anticiparon que formar\u00e1n parte del evento.<\/p>\n\n\n\n<p>Adem\u00e1s de brindarse detalles de la celebraci\u00f3n popular que se desarrollar\u00e1 del 13 al 24 de enero de 2023, se est\u00e1 preparando un cierre musical de la mano del grupo Irundy y una gran bailanta chamamecera. Habr\u00e1 tambi\u00e9n degustaci\u00f3n de platos t\u00edpicos regionales<\/p>\n","protected":false},"excerpt":{"rendered":"<p>CHAMAME PARA UN MUNDO NUEVO El Instituto de&nbsp;Cultura&nbsp;de Corrientes comunica que, por contingencias surgidas a \u00faltimo momento en la coordinaci\u00f3n de agendas, se reprogramar\u00e1 la presentaci\u00f3n oficial de la&nbsp;32\u00aa Fiesta Nacional del Chamam\u00e9, 18\u00aa Fiesta del MERCOSUR y 2\u00aa Celebraci\u00f3n Mundial. Estaba previsto para este martes 15 de noviembre, a las 20, en el patio&#8230;<\/p>\n","protected":false},"author":1,"featured_media":1156,"comment_status":"open","ping_status":"closed","sticky":false,"template":"","format":"standard","meta":{"footnotes":""},"categories":[1],"tags":[],"class_list":["post-1155","post","type-post","status-publish","format-standard","has-post-thumbnail","hentry","category-noticias"],"_links":{"self":[{"href":"https:\/\/fiestanacionaldelchamame.com.ar\/index.php?rest_route=\/wp\/v2\/posts\/1155","targetHints":{"allow":["GET"]}}],"collection":[{"href":"https:\/\/fiestanacionaldelchamame.com.ar\/index.php?rest_route=\/wp\/v2\/posts"}],"about":[{"href":"https:\/\/fiestanacionaldelchamame.com.ar\/index.php?rest_route=\/wp\/v2\/types\/post"}],"author":[{"embeddable":true,"href":"https:\/\/fiestanacionaldelchamame.com.ar\/index.php?rest_route=\/wp\/v2\/users\/1"}],"replies":[{"embeddable":true,"href":"https:\/\/fiestanacionaldelchamame.com.ar\/index.php?rest_route=%2Fwp%2Fv2%2Fcomments&post=1155"}],"version-history":[{"count":1,"href":"https:\/\/fiestanacionaldelchamame.com.ar\/index.php?rest_route=\/wp\/v2\/posts\/1155\/revisions"}],"predecessor-version":[{"id":1157,"href":"https:\/\/fiestanacionaldelchamame.com.ar\/index.php?rest_route=\/wp\/v2\/posts\/1155\/revisions\/1157"}],"wp:featuredmedia":[{"embeddable":true,"href":"https:\/\/fiestanacionaldelchamame.com.ar\/index.php?rest_route=\/wp\/v2\/media\/1156"}],"wp:attachment":[{"href":"https:\/\/fiestanacionaldelchamame.com.ar\/index.php?rest_route=%2Fwp%2Fv2%2Fmedia&parent=1155"}],"wp:term":[{"taxonomy":"category","embeddable":true,"href":"https:\/\/fiestanacionaldelchamame.com.ar\/index.php?rest_route=%2Fwp%2Fv2%2Fcategories&post=1155"},{"taxonomy":"post_tag","embeddable":true,"href":"https:\/\/fiestanacionaldelchamame.com.ar\/index.php?rest_route=%2Fwp%2Fv2%2Ftags&post=1155"}],"curies":[{"name":"wp","href":"https:\/\/api.w.org\/{rel}","templated":true}]}}