{"id":1145,"date":"2022-11-10T08:10:00","date_gmt":"2022-11-10T11:10:00","guid":{"rendered":"https:\/\/fiestanacionaldelchamame.com.ar\/?p=1145"},"modified":"2022-11-11T08:17:24","modified_gmt":"2022-11-11T11:17:24","slug":"p-resentacion-de-la-32a-fiesta-nacional-delchamame-en-la-estacion-del-ferrocarril-de-asuncion","status":"publish","type":"post","link":"https:\/\/fiestanacionaldelchamame.com.ar\/?p=1145","title":{"rendered":"P resentaci\u00f3n de la 32\u00aa Fiesta Nacional delChamam\u00e9 en la estaci\u00f3n del ferrocarril de Asunci\u00f3n"},"content":{"rendered":"\n<p>Este viernes 11 de noviembre, a las 20,30, se realizar\u00e1 la presentaci\u00f3n de la 32\u00aa Fiesta Nacional del Chamam\u00e9, 18\u00aa del MERCOSUR y 2\u00aa Celebraci\u00f3n Mundial, en la hist\u00f3rica estaci\u00f3n del ferrocarril \u201cCarlos Antonio L\u00f3pez, en la ciudad de Asunci\u00f3n (Paraguay).<\/p>\n\n\n\n<p>El lanzamiento en el hermano pa\u00eds se llevar\u00e1 adelante en el marco de la quinta edici\u00f3n de \u201cM\u00fasica Paraguaya ha chamam\u00e9\u201d, y contar\u00e1 con la presencia del presidente del Instituto de\u00a0Cultura\u00a0de Corrientes, Arq. Gabriel Romero, el director general de la Fiesta Nacional del Chamam\u00e9, Eduardo S\u00edvori, la productora general de la Fiesta, Luc\u00eda Alvira, al igual que otras autoridades e invitados especiales.<\/p>\n\n\n\n<figure class=\"wp-block-image size-large\"><img fetchpriority=\"high\" decoding=\"async\" width=\"793\" height=\"1024\" src=\"https:\/\/fiestanacionaldelchamame.com.ar\/wp-content\/uploads\/2022\/11\/PRESENTACION-DE-LA-32-FIESTA-NACIONAL-DEL-CHAMAME-2-793x1024.jpeg\" alt=\"\" class=\"wp-image-1146\" srcset=\"https:\/\/fiestanacionaldelchamame.com.ar\/wp-content\/uploads\/2022\/11\/PRESENTACION-DE-LA-32-FIESTA-NACIONAL-DEL-CHAMAME-2-793x1024.jpeg 793w, https:\/\/fiestanacionaldelchamame.com.ar\/wp-content\/uploads\/2022\/11\/PRESENTACION-DE-LA-32-FIESTA-NACIONAL-DEL-CHAMAME-2-232x300.jpeg 232w, https:\/\/fiestanacionaldelchamame.com.ar\/wp-content\/uploads\/2022\/11\/PRESENTACION-DE-LA-32-FIESTA-NACIONAL-DEL-CHAMAME-2-768x992.jpeg 768w, https:\/\/fiestanacionaldelchamame.com.ar\/wp-content\/uploads\/2022\/11\/PRESENTACION-DE-LA-32-FIESTA-NACIONAL-DEL-CHAMAME-2-300x387.jpeg 300w, https:\/\/fiestanacionaldelchamame.com.ar\/wp-content\/uploads\/2022\/11\/PRESENTACION-DE-LA-32-FIESTA-NACIONAL-DEL-CHAMAME-2-850x1098.jpeg 850w, https:\/\/fiestanacionaldelchamame.com.ar\/wp-content\/uploads\/2022\/11\/PRESENTACION-DE-LA-32-FIESTA-NACIONAL-DEL-CHAMAME-2.jpeg 991w\" sizes=\"(max-width: 793px) 100vw, 793px\" \/><\/figure>\n\n\n\n<p>Durante el acto oficial se brindar\u00e1n detalles de la celebraci\u00f3n popular que se desarrollar\u00e1 del 13 al 22 de enero de 2023, bajo el lema \u201cChamam\u00e9 para un mundo nuevo\u201d, invitando al vecinos paraguayos a vivir la experiencia chamam\u00e9 en toda su expresi\u00f3n.<\/p>\n\n\n\n<p>Concluidos los discursos y la proyecci\u00f3n del Trailer Oficial de la 32\u00aa Fiesta Nacional del Chamam\u00e9, llegar\u00e1 el tiempo de la m\u00fasica de la mano del grupo &#8220;Nostalgias Mburucuyanas&#8221;.<\/p>\n\n\n\n<p><strong>M\u00fasica Paraguaya ha chamam\u00e9<\/strong><\/p>\n\n\n\n<p>La presentaci\u00f3n de la Fiesta Nacional del Chamam\u00e9 se llevar\u00e1 adelante como parte de \u201cM\u00fasica Paraguaya ha chamam\u00e9\u201d, que dar\u00e1 inicio este viernes 11 de noviembre, con una atractiva programaci\u00f3n art\u00edstica.<\/p>\n\n\n\n<p>Esta quinta edici\u00f3n ser\u00e1 en homenaje a la guarania y a su creador, el maestro Jos\u00e9 Asunci\u00f3n Flores. Se trata de un evento organizado por Myrian Beatriz Producciones y la Secretar\u00eda Nacional de\u00a0Cultura\u00a0de Paraguay, con el apoyo de Fondec, Itaipu Binacional,\u00a0 y el Gobierno de Corrientes, a trav\u00e9s del Instituto de\u00a0Cultura.<\/p>\n\n\n\n<p><\/p>\n","protected":false},"excerpt":{"rendered":"<p>Este viernes 11 de noviembre, a las 20,30, se realizar\u00e1 la presentaci\u00f3n de la 32\u00aa Fiesta Nacional del Chamam\u00e9, 18\u00aa del MERCOSUR y 2\u00aa Celebraci\u00f3n Mundial, en la hist\u00f3rica estaci\u00f3n del ferrocarril \u201cCarlos Antonio L\u00f3pez, en la ciudad de Asunci\u00f3n (Paraguay). El lanzamiento en el hermano pa\u00eds se llevar\u00e1 adelante en el marco de la&#8230;<\/p>\n","protected":false},"author":1,"featured_media":1147,"comment_status":"open","ping_status":"closed","sticky":false,"template":"","format":"standard","meta":{"footnotes":""},"categories":[1],"tags":[],"class_list":["post-1145","post","type-post","status-publish","format-standard","has-post-thumbnail","hentry","category-noticias"],"_links":{"self":[{"href":"https:\/\/fiestanacionaldelchamame.com.ar\/index.php?rest_route=\/wp\/v2\/posts\/1145","targetHints":{"allow":["GET"]}}],"collection":[{"href":"https:\/\/fiestanacionaldelchamame.com.ar\/index.php?rest_route=\/wp\/v2\/posts"}],"about":[{"href":"https:\/\/fiestanacionaldelchamame.com.ar\/index.php?rest_route=\/wp\/v2\/types\/post"}],"author":[{"embeddable":true,"href":"https:\/\/fiestanacionaldelchamame.com.ar\/index.php?rest_route=\/wp\/v2\/users\/1"}],"replies":[{"embeddable":true,"href":"https:\/\/fiestanacionaldelchamame.com.ar\/index.php?rest_route=%2Fwp%2Fv2%2Fcomments&post=1145"}],"version-history":[{"count":1,"href":"https:\/\/fiestanacionaldelchamame.com.ar\/index.php?rest_route=\/wp\/v2\/posts\/1145\/revisions"}],"predecessor-version":[{"id":1148,"href":"https:\/\/fiestanacionaldelchamame.com.ar\/index.php?rest_route=\/wp\/v2\/posts\/1145\/revisions\/1148"}],"wp:featuredmedia":[{"embeddable":true,"href":"https:\/\/fiestanacionaldelchamame.com.ar\/index.php?rest_route=\/wp\/v2\/media\/1147"}],"wp:attachment":[{"href":"https:\/\/fiestanacionaldelchamame.com.ar\/index.php?rest_route=%2Fwp%2Fv2%2Fmedia&parent=1145"}],"wp:term":[{"taxonomy":"category","embeddable":true,"href":"https:\/\/fiestanacionaldelchamame.com.ar\/index.php?rest_route=%2Fwp%2Fv2%2Fcategories&post=1145"},{"taxonomy":"post_tag","embeddable":true,"href":"https:\/\/fiestanacionaldelchamame.com.ar\/index.php?rest_route=%2Fwp%2Fv2%2Ftags&post=1145"}],"curies":[{"name":"wp","href":"https:\/\/api.w.org\/{rel}","templated":true}]}}