{"id":1033,"date":"2022-09-15T11:00:00","date_gmt":"2022-09-15T14:00:00","guid":{"rendered":"https:\/\/fiestanacionaldelchamame.com.ar\/?p=1033"},"modified":"2022-10-11T11:05:33","modified_gmt":"2022-10-11T14:05:33","slug":"la-celebracion-por-el-dia-del-chamame-incluira-desfile-musical-muestra-y-cine","status":"publish","type":"post","link":"https:\/\/fiestanacionaldelchamame.com.ar\/?p=1033","title":{"rendered":"La celebraci\u00f3n por el D\u00eda del Chamam\u00e9 incluir\u00e1 desfile musical, muestra y cine"},"content":{"rendered":"\n<p>El Gobierno de la Provincia, a trav\u00e9s del Instituto de&nbsp;Cultura, prepara una bater\u00eda de actividades para celebrar junto con la comunidad correntina el D\u00eda Nacional del Chamam\u00e9. El lunes 19 de septiembre se realizar\u00e1 la inauguraci\u00f3n de una exposici\u00f3n del archivo fotogr\u00e1fico chamamecero, un desfile musical hasta la plaza Vera y la proyecci\u00f3n de audiovisuales sobre el chamam\u00e9.<\/p>\n\n\n\n<p>\u201cLa declaraci\u00f3n del chamam\u00e9 como Patrimonio&nbsp;Cultural&nbsp;Inmaterial de la Humanidad es un hito hist\u00f3rico, no solamente para la provincia sino para toda la regi\u00f3n. Desde el Gobierno de la Provincia estamos organizando una serie de actividades que tienen que ver con poner en valor este reconocimiento al chamam\u00e9\u201d, destac\u00f3 el presidente del Instituto de&nbsp;Cultura&nbsp;de Corrientes, Arq. Gabriel Romero.<\/p>\n\n\n\n<p>Los festejos por el D\u00eda Nacional del Chamam\u00e9 comenzar\u00e1n, a las 10, en el Teatro Vera donde se llevar\u00e1 a cabo la apertura de la exposici\u00f3n con material del archivo fotogr\u00e1fico chamamecero del Instituto de&nbsp;Cultura&nbsp;de Corrientes. Seguidamente se realizar\u00e1 un desfile chamamecero que partir\u00e1 del coliseo correntino hasta la plaza Vera con la participaci\u00f3n de m\u00fasicos y bailarines.<\/p>\n\n\n\n<p>La tercera propuesta de la jornada ser\u00e1 a las 20,&nbsp; tambi\u00e9n en el Teatro Vera, y tendr\u00e1 que ver con la proyecci\u00f3n de audiovisuales sobre el chamam\u00e9, organizado por el Instituto de&nbsp;Cultura&nbsp;a trav\u00e9s del Departamento de Cine perteneciente a la Direcci\u00f3n de Artes Esc\u00e9nicas, M\u00fasica y Artes Audiovisuales. En esta oportunidad, el p\u00fablico presente podr\u00e1 disfrutar del documental \u201cA lo chamam\u00e9\u201d donde confluyen los testimonios de m\u00e1s de 50 referentes del g\u00e9nero, distintos clips de estilos de danza y el cierre ser\u00e1 con una sorpresa. Estar\u00e1n presentes ni\u00f1os que asisten a los merenderos Pocho Roch, Enramadita (Pirayu\u00ed), Irup\u00e9 y Centro \u201cEmanuel\u201d.<\/p>\n\n\n\n<p>Adem\u00e1s, como todos los a\u00f1os, el 18 de septiembre tendr\u00e1 lugar el tradicional festival, a partir de las 18, en la plazoleta Cocomarola de la ciudad de Corrientes. En este caso, entre los grupos confirmados se encuentran: Los Hermanos Vel\u00e1zquez, Los Nuevos Chaque\u00f1isimos Cardozo, Los Sena, Veron Palacios, Bruno Mendoza, Gabriel Cocomarola, Jose Alvarez Grupo y Rogelio Almir\u00f3n.<\/p>\n\n\n\n<p><strong>SAN COSME<\/strong><\/p>\n\n\n\n<p>La cuna del \u201cTaita\u201d del chamam\u00e9 tambi\u00e9n se vestir\u00e1 de fiesta por el D\u00eda Nacional del Chamam\u00e9. En el play\u00f3n de la terminal de San Cosme se desarrollar\u00e1 un show con grandes artistas de nuestra m\u00fasica. A partir de las 21, actuar\u00e1n Coquimarola y su conjunto, Osvaldo Gamarra y su grupo San Jorge, Rub\u00e9n Dar\u00edo Acosta y su conjunto, Titina de los Santos y su conjunto, Jos\u00e9 \u00c1lvarez grupo, Vicente Franco y sus criollos, Grupo Itat\u00ed y Adolfo Alegre.<\/p>\n\n\n\n<p><strong>RECONOCIMIENTOS<\/strong><\/p>\n\n\n\n<p>En el marco del D\u00eda Nacional del Chamam\u00e9 la senadora nacional Gabriela Valenzuela entregar\u00e1 reconocimientos en el Senado de la Naci\u00f3n a personalidades e instituciones que han difundido y contribuido al chamam\u00e9.<\/p>\n\n\n\n<p>Este acto se realizar\u00e1 el d\u00eda 19 de septiembre a las 11 horas en el Sal\u00f3n de las Provincias del Senado de la Naci\u00f3n ubicado en Hip\u00f3lito Yrigoyen 1849, Ciudad de Buenos Aires.<\/p>\n\n\n\n<p><strong>MES DEL CHAMAM\u00c9<\/strong><\/p>\n\n\n\n<p>Los festejos se extender\u00e1n a lo largo de todo el Mes del Chamam\u00e9. El s\u00e1bado 24 de septiembre se realizar\u00e1 una actividad organizada por el Instituto de&nbsp;Cultura&nbsp;en conjunto con el Gobierno de la Ciudad Aut\u00f3noma de Buenos Aires.<\/p>\n\n\n\n<p>Un festival musical que tendr\u00e1 lugar desde las 17 en el Parque Ol\u00edmpico, ubicado en Figueroa Alcorta y Dorrego con las actuaciones de Chamam\u00e9 Ku\u00f1\u00e1, La Pilarcita, El \u00c1ngel de las dos hileras, Ambo\u00e9, Los Alonsitos y Axel.<\/p>\n\n\n\n<p>El municipio bonaerense de San Mart\u00edn se suma el 19 de septiembre, a las 17, con una charla sobre costumbres chamameceras a cargo de Mar\u00eda \u00c1ngeles Castillo en el Museo Hist\u00f3rico Jos\u00e9 Hern\u00e1ndez, al igual que una charla abierta de danza t\u00edpica a cargo del prof. Walter Bogado y gastronom\u00eda regional.<\/p>\n","protected":false},"excerpt":{"rendered":"<p>El Gobierno de la Provincia, a trav\u00e9s del Instituto de&nbsp;Cultura, prepara una bater\u00eda de actividades para celebrar junto con la comunidad correntina el D\u00eda Nacional del Chamam\u00e9. El lunes 19 de septiembre se realizar\u00e1 la inauguraci\u00f3n de una exposici\u00f3n del archivo fotogr\u00e1fico chamamecero, un desfile musical hasta la plaza Vera y la proyecci\u00f3n de audiovisuales&#8230;<\/p>\n","protected":false},"author":1,"featured_media":1034,"comment_status":"open","ping_status":"closed","sticky":false,"template":"","format":"standard","meta":{"footnotes":""},"categories":[1],"tags":[],"class_list":["post-1033","post","type-post","status-publish","format-standard","has-post-thumbnail","hentry","category-noticias"],"_links":{"self":[{"href":"https:\/\/fiestanacionaldelchamame.com.ar\/index.php?rest_route=\/wp\/v2\/posts\/1033","targetHints":{"allow":["GET"]}}],"collection":[{"href":"https:\/\/fiestanacionaldelchamame.com.ar\/index.php?rest_route=\/wp\/v2\/posts"}],"about":[{"href":"https:\/\/fiestanacionaldelchamame.com.ar\/index.php?rest_route=\/wp\/v2\/types\/post"}],"author":[{"embeddable":true,"href":"https:\/\/fiestanacionaldelchamame.com.ar\/index.php?rest_route=\/wp\/v2\/users\/1"}],"replies":[{"embeddable":true,"href":"https:\/\/fiestanacionaldelchamame.com.ar\/index.php?rest_route=%2Fwp%2Fv2%2Fcomments&post=1033"}],"version-history":[{"count":1,"href":"https:\/\/fiestanacionaldelchamame.com.ar\/index.php?rest_route=\/wp\/v2\/posts\/1033\/revisions"}],"predecessor-version":[{"id":1035,"href":"https:\/\/fiestanacionaldelchamame.com.ar\/index.php?rest_route=\/wp\/v2\/posts\/1033\/revisions\/1035"}],"wp:featuredmedia":[{"embeddable":true,"href":"https:\/\/fiestanacionaldelchamame.com.ar\/index.php?rest_route=\/wp\/v2\/media\/1034"}],"wp:attachment":[{"href":"https:\/\/fiestanacionaldelchamame.com.ar\/index.php?rest_route=%2Fwp%2Fv2%2Fmedia&parent=1033"}],"wp:term":[{"taxonomy":"category","embeddable":true,"href":"https:\/\/fiestanacionaldelchamame.com.ar\/index.php?rest_route=%2Fwp%2Fv2%2Fcategories&post=1033"},{"taxonomy":"post_tag","embeddable":true,"href":"https:\/\/fiestanacionaldelchamame.com.ar\/index.php?rest_route=%2Fwp%2Fv2%2Ftags&post=1033"}],"curies":[{"name":"wp","href":"https:\/\/api.w.org\/{rel}","templated":true}]}}