{"id":1029,"date":"2022-09-19T10:56:00","date_gmt":"2022-09-19T13:56:00","guid":{"rendered":"https:\/\/fiestanacionaldelchamame.com.ar\/?p=1029"},"modified":"2022-10-11T10:59:13","modified_gmt":"2022-10-11T13:59:13","slug":"con-musica-y-una-muestra-fotografica-comenzaron-los-festejos-por-el-dia-del-chamame","status":"publish","type":"post","link":"https:\/\/fiestanacionaldelchamame.com.ar\/?p=1029","title":{"rendered":"Con m\u00fasica y una muestra fotogr\u00e1fica comenzaron los festejos por el D\u00eda del Chamam\u00e9"},"content":{"rendered":"\n<h2 class=\"wp-block-heading\">EN EL TEATRO VERA<\/h2>\n\n\n\n<p>Iniciando las actividades por el D\u00eda Nacional del Chamam\u00e9, este lunes en el hall del Teatro Vera se inaugur\u00f3 una muestra fotogr\u00e1fica alusiva y en sus escalinatas se festej\u00f3 con m\u00fasica en vivo y baile. Los festejos continuar\u00e1n a las 20 con la proyecci\u00f3n de audiovisuales sobre el g\u00e9nero, tambi\u00e9n en el coliseo.<\/p>\n\n\n\n<p>El director de Artes Esc\u00e9nicas, M\u00fasica y Artes Audiovisuales, Eduardo S\u00edvori y el m\u00fasico \u2018Coquimarola\u2019 presidieron el evento que cont\u00f3 con la presencia de m\u00fasicos, bailarines y representantes de la&nbsp;cultura&nbsp;correntina.<\/p>\n\n\n\n<p>\u201cEs un d\u00eda feliz porque tiene que ver con celebrar nuestra manera de ser. El chamam\u00e9 es su mejor reflejo\u201d, se\u00f1al\u00f3 Eduardo S\u00edvori, en representaci\u00f3n del Instituto de&nbsp;Cultura, adem\u00e1s de remarcar: \u201cEl chamam\u00e9 es mucho m\u00e1s que la m\u00fasica, la danza y la poes\u00eda. Es una de las expresiones m\u00e1s viscerales que hay en el pa\u00eds. Como dec\u00eda Juli\u00e1n Zini, cuando ya las palabras no alcanzan, sale el sapucay. Celebrar este d\u00eda es siempre un gusto y nos genera mucho orgullo\u201d.<\/p>\n\n\n\n<p>El m\u00fasico Coquimarola agradeci\u00f3 a todos los artistas que se sumaron a la celebraci\u00f3n y destac\u00f3 tambi\u00e9n que se est\u00e9 tomando conciencia de que el chamam\u00e9 no es s\u00f3lo la m\u00fasica, sino un legado para la humanidad y el modo en que \u201cnos identifican en el mundo\u201d.<\/p>\n\n\n\n<p>Qued\u00f3 inaugurada la muestra que expone el archivo de la Fiesta Nacional del Chamam\u00e9, con fotograf\u00edas de Zulma Ruiz Cuevas y Ar\u00f3n Fisman, y se puede visitar en el hall del Teatro Vera, de forma gratuita.<\/p>\n\n\n\n<figure class=\"wp-block-image size-large\"><img fetchpriority=\"high\" decoding=\"async\" width=\"1024\" height=\"682\" src=\"https:\/\/fiestanacionaldelchamame.com.ar\/wp-content\/uploads\/2022\/10\/DIA-NACIONAL-DEL-CHAMAME-6-1024x682.jpg\" alt=\"\" class=\"wp-image-1030\" srcset=\"https:\/\/fiestanacionaldelchamame.com.ar\/wp-content\/uploads\/2022\/10\/DIA-NACIONAL-DEL-CHAMAME-6-1024x682.jpg 1024w, https:\/\/fiestanacionaldelchamame.com.ar\/wp-content\/uploads\/2022\/10\/DIA-NACIONAL-DEL-CHAMAME-6-300x200.jpg 300w, https:\/\/fiestanacionaldelchamame.com.ar\/wp-content\/uploads\/2022\/10\/DIA-NACIONAL-DEL-CHAMAME-6-768x512.jpg 768w, https:\/\/fiestanacionaldelchamame.com.ar\/wp-content\/uploads\/2022\/10\/DIA-NACIONAL-DEL-CHAMAME-6-850x566.jpg 850w, https:\/\/fiestanacionaldelchamame.com.ar\/wp-content\/uploads\/2022\/10\/DIA-NACIONAL-DEL-CHAMAME-6.jpg 1280w\" sizes=\"(max-width: 1024px) 100vw, 1024px\" \/><\/figure>\n\n\n\n<p>A continuaci\u00f3n lleg\u00f3 el momento de la m\u00fasica con la actuaci\u00f3n de Facundo Gim\u00e9nez (guitarra y voz) y Jonathan Sequeria (acorde\u00f3n), que generaron los primeros aplausos del p\u00fablico. Le sigui\u00f3 la agrupaci\u00f3n Oro Puro, conformada por cuatro j\u00f3venes chamameceras que a puro ritmo motivaron que las primeras parejas de danza salieran a bailar. Abel Encina, cantor de San Cosme, interpret\u00f3 tambi\u00e9n varios cl\u00e1sicos del cancionero chamamecero y el cierre estuvo a cargo de Ignacio Porra y el maestro Fernando Romero.<\/p>\n\n\n\n<p>Los festejos continuar\u00e1n por la tarde. Para las 20 est\u00e1 prevista una proyecci\u00f3n de audiovisuales sobre el g\u00e9nero en el mismo teatro. En esta oportunidad, el p\u00fablico presente podr\u00e1 disfrutar del documental \u201cA lo chamam\u00e9\u201d donde confluyen los testimonios de m\u00e1s de 50 referentes del g\u00e9nero, distintos clips de estilos de danza y el cierre ser\u00e1 con una sorpresa. Estar\u00e1n presentes ni\u00f1os que asisten a los merenderos Pocho Roch, Enramadita (Pirayu\u00ed), Irup\u00e9 y Centro \u201cEmanuel\u201d.<\/p>\n\n\n\n<p>Vale recordar que el D\u00eda Nacional del Chamam\u00e9 se estableci\u00f3 en 2009 por la Ley 26.558 en honor a Don Tr\u00e1nsito Cocomarola, cuyo fallecimiento se produjo el 19 de septiembre de 1974.<\/p>\n","protected":false},"excerpt":{"rendered":"<p>EN EL TEATRO VERA Iniciando las actividades por el D\u00eda Nacional del Chamam\u00e9, este lunes en el hall del Teatro Vera se inaugur\u00f3 una muestra fotogr\u00e1fica alusiva y en sus escalinatas se festej\u00f3 con m\u00fasica en vivo y baile. Los festejos continuar\u00e1n a las 20 con la proyecci\u00f3n de audiovisuales sobre el g\u00e9nero, tambi\u00e9n en&#8230;<\/p>\n","protected":false},"author":1,"featured_media":1031,"comment_status":"open","ping_status":"closed","sticky":false,"template":"","format":"standard","meta":{"footnotes":""},"categories":[1],"tags":[],"class_list":["post-1029","post","type-post","status-publish","format-standard","has-post-thumbnail","hentry","category-noticias"],"_links":{"self":[{"href":"https:\/\/fiestanacionaldelchamame.com.ar\/index.php?rest_route=\/wp\/v2\/posts\/1029","targetHints":{"allow":["GET"]}}],"collection":[{"href":"https:\/\/fiestanacionaldelchamame.com.ar\/index.php?rest_route=\/wp\/v2\/posts"}],"about":[{"href":"https:\/\/fiestanacionaldelchamame.com.ar\/index.php?rest_route=\/wp\/v2\/types\/post"}],"author":[{"embeddable":true,"href":"https:\/\/fiestanacionaldelchamame.com.ar\/index.php?rest_route=\/wp\/v2\/users\/1"}],"replies":[{"embeddable":true,"href":"https:\/\/fiestanacionaldelchamame.com.ar\/index.php?rest_route=%2Fwp%2Fv2%2Fcomments&post=1029"}],"version-history":[{"count":1,"href":"https:\/\/fiestanacionaldelchamame.com.ar\/index.php?rest_route=\/wp\/v2\/posts\/1029\/revisions"}],"predecessor-version":[{"id":1032,"href":"https:\/\/fiestanacionaldelchamame.com.ar\/index.php?rest_route=\/wp\/v2\/posts\/1029\/revisions\/1032"}],"wp:featuredmedia":[{"embeddable":true,"href":"https:\/\/fiestanacionaldelchamame.com.ar\/index.php?rest_route=\/wp\/v2\/media\/1031"}],"wp:attachment":[{"href":"https:\/\/fiestanacionaldelchamame.com.ar\/index.php?rest_route=%2Fwp%2Fv2%2Fmedia&parent=1029"}],"wp:term":[{"taxonomy":"category","embeddable":true,"href":"https:\/\/fiestanacionaldelchamame.com.ar\/index.php?rest_route=%2Fwp%2Fv2%2Fcategories&post=1029"},{"taxonomy":"post_tag","embeddable":true,"href":"https:\/\/fiestanacionaldelchamame.com.ar\/index.php?rest_route=%2Fwp%2Fv2%2Ftags&post=1029"}],"curies":[{"name":"wp","href":"https:\/\/api.w.org\/{rel}","templated":true}]}}