{"id":1025,"date":"2022-09-20T10:49:00","date_gmt":"2022-09-20T13:49:00","guid":{"rendered":"https:\/\/fiestanacionaldelchamame.com.ar\/?p=1025"},"modified":"2022-10-11T10:55:43","modified_gmt":"2022-10-11T13:55:43","slug":"la-celebracion-por-el-mes-del-chamame-llega-a-buenos-aires","status":"publish","type":"post","link":"https:\/\/fiestanacionaldelchamame.com.ar\/?p=1025","title":{"rendered":"La celebraci\u00f3n por el Mes del Chamam\u00e9 llega a Buenos Aires"},"content":{"rendered":"\n<p>Los festejos por el Mes del Chamam\u00e9 tienen su epicentro en Corrientes, pero tambi\u00e9n se extienden a distintos puntos del pa\u00eds. Organizado por el Gobierno de la Ciudad Aut\u00f3noma de Buenos Aires, con el apoyo del Gobierno de Corrientes, se realizar\u00e1 el s\u00e1bado 24, a las 17, en Figueroa Alcorta y Dorrego un gran festival musical que reunir\u00e1 a una importante grilla de artistas, entre los que se encuentran Los Alonsitos, Ambo\u00e9, Axel y La Pilarcita.<\/p>\n\n\n\n<figure class=\"wp-block-image size-large\"><img fetchpriority=\"high\" decoding=\"async\" width=\"819\" height=\"1024\" src=\"https:\/\/fiestanacionaldelchamame.com.ar\/wp-content\/uploads\/2022\/10\/Entrega-de-distinciones-en-Casa-de-Ctes-en-Buenos-Aires-4-819x1024.jpg\" alt=\"\" class=\"wp-image-1026\" srcset=\"https:\/\/fiestanacionaldelchamame.com.ar\/wp-content\/uploads\/2022\/10\/Entrega-de-distinciones-en-Casa-de-Ctes-en-Buenos-Aires-4-819x1024.jpg 819w, https:\/\/fiestanacionaldelchamame.com.ar\/wp-content\/uploads\/2022\/10\/Entrega-de-distinciones-en-Casa-de-Ctes-en-Buenos-Aires-4-240x300.jpg 240w, https:\/\/fiestanacionaldelchamame.com.ar\/wp-content\/uploads\/2022\/10\/Entrega-de-distinciones-en-Casa-de-Ctes-en-Buenos-Aires-4-768x960.jpg 768w, https:\/\/fiestanacionaldelchamame.com.ar\/wp-content\/uploads\/2022\/10\/Entrega-de-distinciones-en-Casa-de-Ctes-en-Buenos-Aires-4-300x375.jpg 300w, https:\/\/fiestanacionaldelchamame.com.ar\/wp-content\/uploads\/2022\/10\/Entrega-de-distinciones-en-Casa-de-Ctes-en-Buenos-Aires-4-850x1063.jpg 850w, https:\/\/fiestanacionaldelchamame.com.ar\/wp-content\/uploads\/2022\/10\/Entrega-de-distinciones-en-Casa-de-Ctes-en-Buenos-Aires-4.jpg 1080w\" sizes=\"(max-width: 819px) 100vw, 819px\" \/><\/figure>\n\n\n\n<p>El presidente del Instituto de&nbsp;Cultura, Arq. Gabriel Romero, particip\u00f3 ayer de la entrega de distinciones a&nbsp; m\u00e1s de cincuenta referentes del chamam\u00e9, en la Casa de Corrientes en CABA. El acto estuvo presidido por el Delegado del Gobierno de Corrientes en Buenos Aires, Enrique Garro y acompa\u00f1aron la senadora nacional Gabriela Valenzuela, el presidente de la Academia Nacional del Folclore Antonio Rodr\u00edguez Villar, entre otros.<\/p>\n\n\n\n<p>\u201cLas actividades para celebrar al chamam\u00e9 y su declaraci\u00f3n como Patrimonio&nbsp;Cultural&nbsp;Inmaterial de la Humanidad continuar\u00e1n durante todo el mes. Como parte de los festejos, en Buenos Aires se realizar\u00e1 este s\u00e1bado un festival musical y estar\u00e1 presente la gastronom\u00eda de nuestra regi\u00f3n\u201d, destac\u00f3.&nbsp;<\/p>\n\n\n\n<p><strong>M\u00fasica y gastronom\u00eda<\/strong><\/p>\n\n\n\n<p>Con el objeto de apoyar y fomentar los puentes&nbsp;culturales&nbsp;entre Corrientes y la Ciudad de Buenos Aires, el Ministerio de&nbsp;Cultura&nbsp;de CABA, junto a la Direcci\u00f3n General de M\u00fasica, presenta al aire libre que invita a los vecinos y vecinas a disfrutar de un d\u00eda con diferentes propuestas art\u00edsticas y gastron\u00f3micas.<\/p>\n\n\n\n<p>Axel, Los Alonsitos, Ambo\u00e9 y Chamam\u00e9 Cu\u00f1\u00e1, entre otros artistas, participar\u00e1n de una funci\u00f3n especial en homenaje a la m\u00fasica chamamecera, declarada Patrimonio de la Humanidad por la UNESCO. Adem\u00e1s, se sumar\u00e1n stands con cuatro propuestas gastron\u00f3micas que ofrecer\u00e1n platos t\u00edpicos del Litoral del pa\u00eds.<\/p>\n","protected":false},"excerpt":{"rendered":"<p>Los festejos por el Mes del Chamam\u00e9 tienen su epicentro en Corrientes, pero tambi\u00e9n se extienden a distintos puntos del pa\u00eds. Organizado por el Gobierno de la Ciudad Aut\u00f3noma de Buenos Aires, con el apoyo del Gobierno de Corrientes, se realizar\u00e1 el s\u00e1bado 24, a las 17, en Figueroa Alcorta y Dorrego un gran festival&#8230;<\/p>\n","protected":false},"author":1,"featured_media":1027,"comment_status":"open","ping_status":"closed","sticky":false,"template":"","format":"standard","meta":{"footnotes":""},"categories":[1],"tags":[],"class_list":["post-1025","post","type-post","status-publish","format-standard","has-post-thumbnail","hentry","category-noticias"],"_links":{"self":[{"href":"https:\/\/fiestanacionaldelchamame.com.ar\/index.php?rest_route=\/wp\/v2\/posts\/1025","targetHints":{"allow":["GET"]}}],"collection":[{"href":"https:\/\/fiestanacionaldelchamame.com.ar\/index.php?rest_route=\/wp\/v2\/posts"}],"about":[{"href":"https:\/\/fiestanacionaldelchamame.com.ar\/index.php?rest_route=\/wp\/v2\/types\/post"}],"author":[{"embeddable":true,"href":"https:\/\/fiestanacionaldelchamame.com.ar\/index.php?rest_route=\/wp\/v2\/users\/1"}],"replies":[{"embeddable":true,"href":"https:\/\/fiestanacionaldelchamame.com.ar\/index.php?rest_route=%2Fwp%2Fv2%2Fcomments&post=1025"}],"version-history":[{"count":1,"href":"https:\/\/fiestanacionaldelchamame.com.ar\/index.php?rest_route=\/wp\/v2\/posts\/1025\/revisions"}],"predecessor-version":[{"id":1028,"href":"https:\/\/fiestanacionaldelchamame.com.ar\/index.php?rest_route=\/wp\/v2\/posts\/1025\/revisions\/1028"}],"wp:featuredmedia":[{"embeddable":true,"href":"https:\/\/fiestanacionaldelchamame.com.ar\/index.php?rest_route=\/wp\/v2\/media\/1027"}],"wp:attachment":[{"href":"https:\/\/fiestanacionaldelchamame.com.ar\/index.php?rest_route=%2Fwp%2Fv2%2Fmedia&parent=1025"}],"wp:term":[{"taxonomy":"category","embeddable":true,"href":"https:\/\/fiestanacionaldelchamame.com.ar\/index.php?rest_route=%2Fwp%2Fv2%2Fcategories&post=1025"},{"taxonomy":"post_tag","embeddable":true,"href":"https:\/\/fiestanacionaldelchamame.com.ar\/index.php?rest_route=%2Fwp%2Fv2%2Ftags&post=1025"}],"curies":[{"name":"wp","href":"https:\/\/api.w.org\/{rel}","templated":true}]}}