{"id":1022,"date":"2022-09-26T10:45:00","date_gmt":"2022-09-26T13:45:00","guid":{"rendered":"https:\/\/fiestanacionaldelchamame.com.ar\/?p=1022"},"modified":"2022-10-11T10:47:44","modified_gmt":"2022-10-11T13:47:44","slug":"el-teatro-de-goya-sera-escenario-de-la-final-provincial-de-los-juegos-culturales-correntinos","status":"publish","type":"post","link":"https:\/\/fiestanacionaldelchamame.com.ar\/?p=1022","title":{"rendered":"El teatro de Goya ser\u00e1 escenario de la final provincial de los Juegos\u00a0Culturales\u00a0Correntinos"},"content":{"rendered":"\n<p>El jueves 29 de septiembre se realizar\u00e1 en el hist\u00f3rico teatro Solari de Goya la instancia provincial de los Juegos&nbsp;Culturales&nbsp;Correntinos, organizados por el Gobierno de la Provincia, a trav\u00e9s del Instituto de&nbsp;Cultura&nbsp;y con el apoyo del Municipio de Goya. Participar\u00e1n los finalistas de casi 30 comunas en las disciplinas de canto, grupo musical, teatro, freestyle, pintura, fotograf\u00eda, cuento, poes\u00eda, historieta y videominuto.<\/p>\n\n\n\n<p>El acto de apertura ser\u00e1 al mediod\u00eda con la presencia de autoridades provinciales y municipales; y los j\u00f3venes artistas Sof\u00eda Morales, Bruno Trotti y Diego Gonz\u00e1lez, quienes ganaron el certamen en anteriores ediciones, fueron invitados por la organizaci\u00f3n y brindar\u00e1n un show musical especialmente preparado para engalanar la ocasi\u00f3n.<\/p>\n\n\n\n<p>Por primera vez, la final de los Juegos&nbsp;Culturales&nbsp;Correntinos se llevar\u00e1 adelante en el interior provincial en una decisi\u00f3n del Gobierno de la Provincia que ratifica el rumbo de este programa que tiene 17 a\u00f1os de ejecuci\u00f3n ininterrumpida, consolid\u00e1ndose como el m\u00e1s federal de los coordinados por el Instituto de&nbsp;Cultura.<\/p>\n\n\n\n<p>\u201cA partir de un trabajo articulado entre el Instituto de&nbsp;Cultura&nbsp;y el Municipio de Goya y el apoyo del ministerio de&nbsp;Cultura&nbsp;de la Naci\u00f3n, vamos a darnos el lujo de que el cierre provincial de los Juegos&nbsp;Culturales&nbsp;tenga lugar en el teatro m\u00e1s antiguo del pa\u00eds, en un escenario con m\u00e1s de 140 a\u00f1os de historia\u201d, destac\u00f3 el presidente del organismo provincial, Arq. Gabriel Romero.<\/p>\n\n\n\n<p><strong>Selectivo<\/strong><\/p>\n\n\n\n<p>Un jurado de especialistas en cada una de las disciplinas tendr\u00e1 la dif\u00edcil tarea de evaluar la actuaci\u00f3n de los participantes y resolver qui\u00e9nes ganan el&nbsp; certamen provincial.<\/p>\n\n\n\n<p>En teatro, lo har\u00e1n el profesor, actor y director, Hern\u00e1n Sfiligoy y el actor, director y profesor Sebasti\u00e1n Genes. Mientras que en danza decidir\u00e1n la profesora de danzas nativas y de proyecci\u00f3n folcl\u00f3rica y licenciada en Educaci\u00f3n Art\u00edstica Fabiana Gonz\u00e1lez y quien fuera fundadora del Ballet Municipal de Goya, la profesora Ana Mar\u00eda Trainini.<\/p>\n\n\n\n<p>En pintura, el jurado ser\u00e1 el artista pl\u00e1stico y escultor Nazareno Vel\u00e1zquez. En tanto, en cuento, poes\u00eda e historieta, seleccionar\u00e1n la profesora en letras y docente jubilada, Eva Silveiro y la profesora M\u00f3nica Robineau. Lo propio har\u00e1 la fot\u00f3grafa y directora de fotograf\u00eda, Zulma Ruiz Cuevas.<\/p>\n\n\n\n<p>En tanto, en freestyle, cumplir\u00e1n esta funci\u00f3n el artista, productor y compositor Agust\u00edn Ledezma y el freestyler Foschiatti Axel Tomas, conocido como \u201cKillo DXK\u201d.<\/p>\n\n\n\n<p><strong>Pre Fiesta del Chamam\u00e9<\/strong><\/p>\n\n\n\n<p>La final provincial de los Juegos&nbsp;Culturales&nbsp;volver\u00e1 a ser una subsede de los cert\u00e1menes Pre Fiesta Nacional del Chamam\u00e9. Por lo cual los ganadores en las disciplinas de canto solista, conjunto musical y danza pasar\u00e1n directamente a la Gran Final de este importante, puerta de acceso a la gran celebraci\u00f3n popular de los correntinos.<\/p>\n\n\n\n<p>La coordinadora de los cert\u00e1menes, profesora superior en m\u00fasica y licenciada en Artes, Margarita Mambr\u00edn, ser\u00e1 la jurado de canto solista y conjunto musical, acompa\u00f1ada por los j\u00f3venes artistas Sof\u00eda Morales, Bruno Sosa Trotti y Diego Gonz\u00e1lez. En este caso particular, los seleccionados se sumar\u00e1n al viaje a Mar del Plata y adem\u00e1s tienen la posibilidad de competir por un lugar en el emblem\u00e1tico escenario Sosa Cordero.<\/p>\n\n\n\n<p><strong>Nacional<\/strong><\/p>\n\n\n\n<p>Los ganadores formar\u00e1n de la delegaci\u00f3n de j\u00f3venes artistas que representar\u00e1 a Corrientes en los Juegos&nbsp;Culturales&nbsp;Evita \u2013organizados por el Ministerio de&nbsp;Cultura&nbsp;de la Naci\u00f3n-, a llevarse adelante del 24 al 29 de octubre en Mar del Plata, y en el caso de los adultos mayores, de la instancia nacional, del 7 al 11 de noviembre en la provincia de San Luis.<\/p>\n\n\n\n<p>Cabe recordar que los Juegos&nbsp;Culturales&nbsp;Correntinos se llevan a cabo sin pausa desde hace 17 a\u00f1os, incluso en pandemia a trav\u00e9s de la modalidad virtual. Este a\u00f1o con la participaci\u00f3n de j\u00f3venes y adultos mayores de 37 municipio<\/p>\n","protected":false},"excerpt":{"rendered":"<p>El jueves 29 de septiembre se realizar\u00e1 en el hist\u00f3rico teatro Solari de Goya la instancia provincial de los Juegos&nbsp;Culturales&nbsp;Correntinos, organizados por el Gobierno de la Provincia, a trav\u00e9s del Instituto de&nbsp;Cultura&nbsp;y con el apoyo del Municipio de Goya. Participar\u00e1n los finalistas de casi 30 comunas en las disciplinas de canto, grupo musical, teatro, freestyle,&#8230;<\/p>\n","protected":false},"author":1,"featured_media":1023,"comment_status":"open","ping_status":"closed","sticky":false,"template":"","format":"standard","meta":{"footnotes":""},"categories":[1],"tags":[],"class_list":["post-1022","post","type-post","status-publish","format-standard","has-post-thumbnail","hentry","category-noticias"],"_links":{"self":[{"href":"https:\/\/fiestanacionaldelchamame.com.ar\/index.php?rest_route=\/wp\/v2\/posts\/1022","targetHints":{"allow":["GET"]}}],"collection":[{"href":"https:\/\/fiestanacionaldelchamame.com.ar\/index.php?rest_route=\/wp\/v2\/posts"}],"about":[{"href":"https:\/\/fiestanacionaldelchamame.com.ar\/index.php?rest_route=\/wp\/v2\/types\/post"}],"author":[{"embeddable":true,"href":"https:\/\/fiestanacionaldelchamame.com.ar\/index.php?rest_route=\/wp\/v2\/users\/1"}],"replies":[{"embeddable":true,"href":"https:\/\/fiestanacionaldelchamame.com.ar\/index.php?rest_route=%2Fwp%2Fv2%2Fcomments&post=1022"}],"version-history":[{"count":1,"href":"https:\/\/fiestanacionaldelchamame.com.ar\/index.php?rest_route=\/wp\/v2\/posts\/1022\/revisions"}],"predecessor-version":[{"id":1024,"href":"https:\/\/fiestanacionaldelchamame.com.ar\/index.php?rest_route=\/wp\/v2\/posts\/1022\/revisions\/1024"}],"wp:featuredmedia":[{"embeddable":true,"href":"https:\/\/fiestanacionaldelchamame.com.ar\/index.php?rest_route=\/wp\/v2\/media\/1023"}],"wp:attachment":[{"href":"https:\/\/fiestanacionaldelchamame.com.ar\/index.php?rest_route=%2Fwp%2Fv2%2Fmedia&parent=1022"}],"wp:term":[{"taxonomy":"category","embeddable":true,"href":"https:\/\/fiestanacionaldelchamame.com.ar\/index.php?rest_route=%2Fwp%2Fv2%2Fcategories&post=1022"},{"taxonomy":"post_tag","embeddable":true,"href":"https:\/\/fiestanacionaldelchamame.com.ar\/index.php?rest_route=%2Fwp%2Fv2%2Ftags&post=1022"}],"curies":[{"name":"wp","href":"https:\/\/api.w.org\/{rel}","templated":true}]}}