{"id":1019,"date":"2022-10-05T10:33:00","date_gmt":"2022-10-05T13:33:00","guid":{"rendered":"https:\/\/fiestanacionaldelchamame.com.ar\/?p=1019"},"modified":"2022-10-13T15:47:34","modified_gmt":"2022-10-13T18:47:34","slug":"la-32a-fiesta-nacional-del-chamame-se-presentara-en-colon-fabrica","status":"publish","type":"post","link":"https:\/\/fiestanacionaldelchamame.com.ar\/?p=1019","title":{"rendered":"La 32\u00aa Fiesta Nacional del Chamam\u00e9 se presentar\u00e1 en Col\u00f3n F\u00e1brica"},"content":{"rendered":"\n<h2 class=\"wp-block-heading\">INVITACI\u00d3N AL PA\u00cdS<\/h2>\n\n\n\n<p>El Teatro Col\u00f3n es uno de los pocos teatros-f\u00e1bricas del mundo, y a trav\u00e9s de \u201cCol\u00f3n F\u00e1brica\u201d invita a conocer la magia que ocurre detr\u00e1s de escena. Se trata de un predio en el barrio porte\u00f1o de La Boca donde se exhibe la escenograf\u00eda, utiler\u00eda y vestuarios utilizados en sus \u00faltimas producciones. En este lugar se llevar\u00e1 adelante el 26 de octubre, a las 12, la presentaci\u00f3n nacional e internacional de la 32\u00aa Fiesta Nacional del Chamam\u00e9.<\/p>\n\n\n\n<p>En este espacio \u00fanico, donde conviven el arte y el patrimonio, se realizar\u00e1 el anuncio oficial de una nueva edici\u00f3n de la m\u00e1xima celebraci\u00f3n popular de los correntinos que reunir\u00e1 del 13 al 22 de enero de 2023, a toda la gran Naci\u00f3n Chamamecera.<\/p>\n\n\n\n<figure class=\"wp-block-gallery has-nested-images columns-default is-cropped wp-block-gallery-1 is-layout-flex wp-block-gallery-is-layout-flex\">\n<figure class=\"wp-block-image size-full\"><img fetchpriority=\"high\" decoding=\"async\" width=\"299\" height=\"168\" data-id=\"1018\" src=\"https:\/\/fiestanacionaldelchamame.com.ar\/wp-content\/uploads\/2022\/10\/PRESENTACION-DE-LA-32-FNCH-EN-COLON-FABRICA-1.jpg\" alt=\"\" class=\"wp-image-1018\"\/><\/figure>\n\n\n\n<figure class=\"wp-block-image size-large\"><img decoding=\"async\" width=\"1280\" height=\"853\" data-id=\"1017\" src=\"https:\/\/fiestanacionaldelchamame.com.ar\/wp-content\/uploads\/2022\/10\/PRESENTACION-DE-LA-32-FNCH-EN-COLON-FABRICA.jpeg\" alt=\"\" class=\"wp-image-1017\" srcset=\"https:\/\/fiestanacionaldelchamame.com.ar\/wp-content\/uploads\/2022\/10\/PRESENTACION-DE-LA-32-FNCH-EN-COLON-FABRICA.jpeg 1280w, https:\/\/fiestanacionaldelchamame.com.ar\/wp-content\/uploads\/2022\/10\/PRESENTACION-DE-LA-32-FNCH-EN-COLON-FABRICA-300x200.jpeg 300w, https:\/\/fiestanacionaldelchamame.com.ar\/wp-content\/uploads\/2022\/10\/PRESENTACION-DE-LA-32-FNCH-EN-COLON-FABRICA-1024x682.jpeg 1024w, https:\/\/fiestanacionaldelchamame.com.ar\/wp-content\/uploads\/2022\/10\/PRESENTACION-DE-LA-32-FNCH-EN-COLON-FABRICA-768x512.jpeg 768w, https:\/\/fiestanacionaldelchamame.com.ar\/wp-content\/uploads\/2022\/10\/PRESENTACION-DE-LA-32-FNCH-EN-COLON-FABRICA-850x566.jpeg 850w\" sizes=\"(max-width: 1280px) 100vw, 1280px\" \/><\/figure>\n<\/figure>\n\n\n\n<p>El presidente del Instituto de&nbsp;Cultura, Arq. Gabriel Romero, se\u00f1al\u00f3 que \u201cgracias a un trabajo en conjunto entre el Gobierno de Corrientes y el Gobierno de la Ciudad Aut\u00f3noma de Buenos Aires, vamos a presentar la 32\u00aa Fiesta Nacional del Chamam\u00e9 en un lugar tan emblem\u00e1tico como es el Col\u00f3n F\u00e1brica\u201d, y destac\u00f3 que durante el mes de noviembre se anunciar\u00e1 tambi\u00e9n en el vecino pa\u00eds de Paraguay, en la provincia de La Rioja y, como todos los a\u00f1os, se har\u00e1 el tradicional lanzamiento provincial.<\/p>\n\n\n\n<p>En C\u00f3lon F\u00e1brica, el acto oficial contar\u00e1 con la presencia de autoridades de CABA, provinciales y los invitados especiales entre los que nunca faltan importantes artistas chamameceros.<\/p>\n\n\n\n<p>Concluidos los discursos y la proyecci\u00f3n del Trailer Oficial de la Fiesta, llegar\u00e1 el tiempo de la m\u00fasica de la mano del ensamble integrado por Pablo Bentos (acorde\u00f3n); Lucia Troiti\u00f1o (guitarra y voz) y Scott Moore (viola).<\/p>\n\n\n\n<p><strong>Paraguay y La Rioja<\/strong><\/p>\n\n\n\n<p>El Instituto de&nbsp;Cultura&nbsp;de Corrientes confirm\u00f3 adem\u00e1s el lanzamiento en Paraguay. El cual se desarrollar\u00e1 el viernes 11 de noviembre, a las 20,30, en la hist\u00f3rica estaci\u00f3n central de ferrocarril Carlos Antonio L\u00f3pez en la ciudad de Asunci\u00f3n, en el marco del evento \u201cM\u00fasica Paraguaya Ha Chamam\u00e9 5ta Edici\u00f3n\u201d.<\/p>\n\n\n\n<p>Una propuesta&nbsp;cultural&nbsp;que cuenta con el apoyo de la Secretar\u00eda Nacional de&nbsp;Cultura&nbsp;de Paraguay y del Fondec.<\/p>\n\n\n\n<p>De igual manera, organizado por la Municipalidad de La Rioja, se invitar\u00e1 a los riojanos a asistir a la Fiesta Grande. El acto est\u00e1 previsto para el 26 de noviembre en la plaza 25 de Mayo, de la mencionada ciudad.<\/p>\n","protected":false},"excerpt":{"rendered":"<p>INVITACI\u00d3N AL PA\u00cdS El Teatro Col\u00f3n es uno de los pocos teatros-f\u00e1bricas del mundo, y a trav\u00e9s de \u201cCol\u00f3n F\u00e1brica\u201d invita a conocer la magia que ocurre detr\u00e1s de escena. Se trata de un predio en el barrio porte\u00f1o de La Boca donde se exhibe la escenograf\u00eda, utiler\u00eda y vestuarios utilizados en sus \u00faltimas producciones&#8230;.<\/p>\n","protected":false},"author":1,"featured_media":1052,"comment_status":"open","ping_status":"closed","sticky":false,"template":"","format":"standard","meta":{"footnotes":""},"categories":[1],"tags":[],"class_list":["post-1019","post","type-post","status-publish","format-standard","has-post-thumbnail","hentry","category-noticias"],"_links":{"self":[{"href":"https:\/\/fiestanacionaldelchamame.com.ar\/index.php?rest_route=\/wp\/v2\/posts\/1019","targetHints":{"allow":["GET"]}}],"collection":[{"href":"https:\/\/fiestanacionaldelchamame.com.ar\/index.php?rest_route=\/wp\/v2\/posts"}],"about":[{"href":"https:\/\/fiestanacionaldelchamame.com.ar\/index.php?rest_route=\/wp\/v2\/types\/post"}],"author":[{"embeddable":true,"href":"https:\/\/fiestanacionaldelchamame.com.ar\/index.php?rest_route=\/wp\/v2\/users\/1"}],"replies":[{"embeddable":true,"href":"https:\/\/fiestanacionaldelchamame.com.ar\/index.php?rest_route=%2Fwp%2Fv2%2Fcomments&post=1019"}],"version-history":[{"count":1,"href":"https:\/\/fiestanacionaldelchamame.com.ar\/index.php?rest_route=\/wp\/v2\/posts\/1019\/revisions"}],"predecessor-version":[{"id":1021,"href":"https:\/\/fiestanacionaldelchamame.com.ar\/index.php?rest_route=\/wp\/v2\/posts\/1019\/revisions\/1021"}],"wp:featuredmedia":[{"embeddable":true,"href":"https:\/\/fiestanacionaldelchamame.com.ar\/index.php?rest_route=\/wp\/v2\/media\/1052"}],"wp:attachment":[{"href":"https:\/\/fiestanacionaldelchamame.com.ar\/index.php?rest_route=%2Fwp%2Fv2%2Fmedia&parent=1019"}],"wp:term":[{"taxonomy":"category","embeddable":true,"href":"https:\/\/fiestanacionaldelchamame.com.ar\/index.php?rest_route=%2Fwp%2Fv2%2Fcategories&post=1019"},{"taxonomy":"post_tag","embeddable":true,"href":"https:\/\/fiestanacionaldelchamame.com.ar\/index.php?rest_route=%2Fwp%2Fv2%2Ftags&post=1019"}],"curies":[{"name":"wp","href":"https:\/\/api.w.org\/{rel}","templated":true}]}}